{"id":1162,"date":"2026-04-25T21:44:23","date_gmt":"2026-04-25T21:44:23","guid":{"rendered":"https:\/\/koratkamanews.com\/?p=1162"},"modified":"2026-04-25T21:44:24","modified_gmt":"2026-04-25T21:44:24","slug":"mali-attaques-terroriste-coordonnees-larmee-a-repris-le-controle","status":"publish","type":"post","link":"https:\/\/koratkamanews.com\/index.php\/2026\/04\/25\/mali-attaques-terroriste-coordonnees-larmee-a-repris-le-controle\/","title":{"rendered":"Mali: Attaques terroriste coordonn\u00e9es, l\u2019arm\u00e9e a repris le contr\u00f4le"},"content":{"rendered":"\n<p><strong>Bamako, le 25 avril 2026<\/strong>&nbsp;\u2013 Des attaques terroristes coordonn\u00e9es ont vis\u00e9 plusieurs villes du Mali&nbsp;ce samedi matin, mais la riposte rapide et d\u00e9termin\u00e9e des Forces arm\u00e9es maliennes a permis de contenir l\u2019offensive. Plusieurs assaillants ont \u00e9t\u00e9 neutralis\u00e9s et la situation rapidement reprise en main, malgr\u00e9 un bilan de 16 bless\u00e9s.<\/p>\n\n\n\n<p><strong>Une menace persistante sur plusieurs fronts<\/strong><\/p>\n\n\n\n<p>Le Mali reste confront\u00e9 \u00e0 une ins\u00e9curit\u00e9 chronique, marqu\u00e9e par des attaques r\u00e9guli\u00e8res de groupes arm\u00e9s dans plusieurs r\u00e9gions du pays. Les villes de Kayes, S\u00e9var\u00e9, Gao, Kidal et m\u00eame la capitale Bamako figurent parmi les zones cibl\u00e9es ces derni\u00e8res ann\u00e9es.<\/p>\n\n\n\n<p>Dans ce contexte tendu, ces nouvelles attaques coordonn\u00e9es t\u00e9moignent d\u2019une capacit\u00e9 d\u2019organisation persistante des groupes terroristes, malgr\u00e9 les op\u00e9rations militaires en cours.<\/p>\n\n\n\n<p><strong>Des attaques simultan\u00e9es rapidement ma\u00eetris\u00e9es<\/strong><\/p>\n\n\n\n<p>Selon le communiqu\u00e9 officiel du gouvernement de la Transition, des groupes arm\u00e9s terroristes ont men\u00e9, dans la matin\u00e9e du samedi 25 avril 2026, des attaques complexes et coordonn\u00e9es visant plusieurs positions strat\u00e9giques, notamment des villes-garnisons.<\/p>\n\n\n\n<p>Le bilan provisoire fait \u00e9tat de&nbsp;<strong>16 bless\u00e9s<\/strong>, incluant des civils et des militaires, actuellement pris en charge par les structures m\u00e9dicales. Des d\u00e9g\u00e2ts mat\u00e9riels ont \u00e9galement \u00e9t\u00e9 signal\u00e9s, bien que jug\u00e9s limit\u00e9s.<\/p>\n\n\n\n<p>Face \u00e0 ces offensives, les Forces arm\u00e9es et de s\u00e9curit\u00e9 maliennes ont r\u00e9agi avec&nbsp;<strong>promptitude et professionnalisme<\/strong>, parvenant \u00e0 ma\u00eetriser la situation. Plusieurs assaillants ont \u00e9t\u00e9 neutralis\u00e9s et les attaques repouss\u00e9es.<\/p>\n\n\n\n<p>Les autorit\u00e9s assurent qu\u2019\u00e0 l\u2019heure actuelle,&nbsp;<strong>la situation est totalement sous contr\u00f4le<\/strong>&nbsp;dans l\u2019ensemble des localit\u00e9s concern\u00e9es.<\/p>\n\n\n\n<p><strong>S\u00e9curit\u00e9 nationale et mobilisation collective<\/strong><\/p>\n\n\n\n<p>Au-del\u00e0 de l\u2019aspect militaire, ces attaques posent la question de la&nbsp;<strong>r\u00e9silience s\u00e9curitaire du Mali<\/strong>&nbsp;face \u00e0 des menaces multiformes.<\/p>\n\n\n\n<p>Le gouvernement, dirig\u00e9 par&nbsp;Assimi Go\u00efta, a salu\u00e9 l\u2019engagement des forces de d\u00e9fense et leur d\u00e9termination \u00e0 prot\u00e9ger l\u2019int\u00e9grit\u00e9 territoriale et les populations.<\/p>\n\n\n\n<p>Dans le m\u00eame temps, les autorit\u00e9s appellent \u00e0 une&nbsp;<strong>vigilance accrue des citoyens<\/strong>, invitant la population \u00e0 signaler tout mouvement suspect et \u00e0 s\u2019en tenir aux sources officielles d\u2019information, dans un contexte o\u00f9 la d\u00e9sinformation peut amplifier la crise.<\/p>\n\n\n\n<p>Par ailleurs, le gouvernement promet de&nbsp;<strong>traquer et traduire en justice<\/strong>&nbsp;les auteurs, complices et commanditaires de ces attaques.<\/p>\n\n\n\n<p>Ces attaques coordonn\u00e9es rappellent la fragilit\u00e9 de la situation s\u00e9curitaire au Mali, mais aussi la capacit\u00e9 de r\u00e9action des forces arm\u00e9es. Si la riposte rapide a permis d\u2019\u00e9viter un bilan plus lourd, le d\u00e9fi reste entier : contenir durablement la menace terroriste et restaurer une s\u00e9curit\u00e9 p\u00e9renne sur l\u2019ensemble du territoire.<\/p>\n\n\n\n<p><\/p>\n","protected":false},"excerpt":{"rendered":"<p>Bamako, le 25 avril 2026&nbsp;\u2013 Des attaques terroristes coordonn\u00e9es ont vis\u00e9 plusieurs villes du Mali&nbsp;ce samedi matin, mais la riposte rapide et d\u00e9termin\u00e9e des Forces arm\u00e9es maliennes a permis de contenir l\u2019offensive. Plusieurs assaillants ont \u00e9t\u00e9 neutralis\u00e9s et la situation rapidement reprise en main, malgr\u00e9 un bilan de 16 bless\u00e9s. Une menace persistante sur plusieurs [&hellip;]<\/p>\n","protected":false},"author":1,"featured_media":1163,"comment_status":"open","ping_status":"open","sticky":false,"template":"","format":"standard","meta":{"footnotes":""},"categories":[9,35,44],"tags":[],"class_list":["post-1162","post","type-post","status-publish","format-standard","has-post-thumbnail","hentry","category-actualite","category-afrique","category-securite"],"yoast_head":"<!-- This site is optimized with the Yoast SEO plugin v27.4 - https:\/\/yoast.com\/product\/yoast-seo-wordpress\/ -->\n<title>Mali: Attaques terroriste coordonn\u00e9es, l\u2019arm\u00e9e a repris le contr\u00f4le - korat kama news<\/title>\n<meta name=\"robots\" content=\"index, follow, max-snippet:-1, max-image-preview:large, max-video-preview:-1\" \/>\n<link rel=\"canonical\" href=\"https:\/\/koratkamanews.com\/index.php\/2026\/04\/25\/mali-attaques-terroriste-coordonnees-larmee-a-repris-le-controle\/\" \/>\n<meta property=\"og:locale\" content=\"fr_FR\" \/>\n<meta property=\"og:type\" content=\"article\" \/>\n<meta property=\"og:title\" content=\"Mali: Attaques terroriste coordonn\u00e9es, l\u2019arm\u00e9e a repris le contr\u00f4le - korat kama news\" \/>\n<meta property=\"og:description\" content=\"Bamako, le 25 avril 2026&nbsp;\u2013 Des attaques terroristes coordonn\u00e9es ont vis\u00e9 plusieurs villes du Mali&nbsp;ce samedi matin, mais la riposte rapide et d\u00e9termin\u00e9e des Forces arm\u00e9es maliennes a permis de contenir l\u2019offensive. Plusieurs assaillants ont \u00e9t\u00e9 neutralis\u00e9s et la situation rapidement reprise en main, malgr\u00e9 un bilan de 16 bless\u00e9s. Une menace persistante sur plusieurs [&hellip;]\" \/>\n<meta property=\"og:url\" content=\"https:\/\/koratkamanews.com\/index.php\/2026\/04\/25\/mali-attaques-terroriste-coordonnees-larmee-a-repris-le-controle\/\" \/>\n<meta property=\"og:site_name\" content=\"korat kama news\" \/>\n<meta property=\"article:publisher\" content=\"https:\/\/www.facebook.com\/share\/16BKVBAYTG\/?mibextid=wwXIfr\" \/>\n<meta property=\"article:published_time\" content=\"2026-04-25T21:44:23+00:00\" \/>\n<meta property=\"article:modified_time\" content=\"2026-04-25T21:44:24+00:00\" \/>\n<meta property=\"og:image\" content=\"https:\/\/koratkamanews.com\/wp-content\/uploads\/2026\/04\/IMG_0334.webp\" \/>\n\t<meta property=\"og:image:width\" content=\"616\" \/>\n\t<meta property=\"og:image:height\" content=\"392\" \/>\n\t<meta property=\"og:image:type\" content=\"image\/webp\" \/>\n<meta name=\"author\" content=\"Admin\" \/>\n<meta name=\"twitter:card\" content=\"summary_large_image\" \/>\n<meta name=\"twitter:label1\" content=\"\u00c9crit par\" \/>\n\t<meta name=\"twitter:data1\" content=\"Admin\" \/>\n\t<meta name=\"twitter:label2\" content=\"Dur\u00e9e de lecture estim\u00e9e\" \/>\n\t<meta name=\"twitter:data2\" content=\"3 minutes\" \/>\n<script type=\"application\/ld+json\" class=\"yoast-schema-graph\">{\"@context\":\"https:\\\/\\\/schema.org\",\"@graph\":[{\"@type\":\"Article\",\"@id\":\"https:\\\/\\\/koratkamanews.com\\\/index.php\\\/2026\\\/04\\\/25\\\/mali-attaques-terroriste-coordonnees-larmee-a-repris-le-controle\\\/#article\",\"isPartOf\":{\"@id\":\"https:\\\/\\\/koratkamanews.com\\\/index.php\\\/2026\\\/04\\\/25\\\/mali-attaques-terroriste-coordonnees-larmee-a-repris-le-controle\\\/\"},\"author\":{\"name\":\"Admin\",\"@id\":\"https:\\\/\\\/koratkamanews.com\\\/#\\\/schema\\\/person\\\/10c053630af6f3cb4a9e31ac649036c9\"},\"headline\":\"Mali: Attaques terroriste coordonn\u00e9es, l\u2019arm\u00e9e a repris le contr\u00f4le\",\"datePublished\":\"2026-04-25T21:44:23+00:00\",\"dateModified\":\"2026-04-25T21:44:24+00:00\",\"mainEntityOfPage\":{\"@id\":\"https:\\\/\\\/koratkamanews.com\\\/index.php\\\/2026\\\/04\\\/25\\\/mali-attaques-terroriste-coordonnees-larmee-a-repris-le-controle\\\/\"},\"wordCount\":483,\"commentCount\":0,\"publisher\":{\"@id\":\"https:\\\/\\\/koratkamanews.com\\\/#organization\"},\"image\":{\"@id\":\"https:\\\/\\\/koratkamanews.com\\\/index.php\\\/2026\\\/04\\\/25\\\/mali-attaques-terroriste-coordonnees-larmee-a-repris-le-controle\\\/#primaryimage\"},\"thumbnailUrl\":\"https:\\\/\\\/koratkamanews.com\\\/wp-content\\\/uploads\\\/2026\\\/04\\\/IMG_0334.webp\",\"articleSection\":[\"Actualit\u00e9\",\"Afrique\",\"S\u00e9curit\u00e9\"],\"inLanguage\":\"fr-FR\",\"potentialAction\":[{\"@type\":\"CommentAction\",\"name\":\"Comment\",\"target\":[\"https:\\\/\\\/koratkamanews.com\\\/index.php\\\/2026\\\/04\\\/25\\\/mali-attaques-terroriste-coordonnees-larmee-a-repris-le-controle\\\/#respond\"]}]},{\"@type\":\"WebPage\",\"@id\":\"https:\\\/\\\/koratkamanews.com\\\/index.php\\\/2026\\\/04\\\/25\\\/mali-attaques-terroriste-coordonnees-larmee-a-repris-le-controle\\\/\",\"url\":\"https:\\\/\\\/koratkamanews.com\\\/index.php\\\/2026\\\/04\\\/25\\\/mali-attaques-terroriste-coordonnees-larmee-a-repris-le-controle\\\/\",\"name\":\"Mali: Attaques terroriste coordonn\u00e9es, l\u2019arm\u00e9e a repris le contr\u00f4le - korat kama news\",\"isPartOf\":{\"@id\":\"https:\\\/\\\/koratkamanews.com\\\/#website\"},\"primaryImageOfPage\":{\"@id\":\"https:\\\/\\\/koratkamanews.com\\\/index.php\\\/2026\\\/04\\\/25\\\/mali-attaques-terroriste-coordonnees-larmee-a-repris-le-controle\\\/#primaryimage\"},\"image\":{\"@id\":\"https:\\\/\\\/koratkamanews.com\\\/index.php\\\/2026\\\/04\\\/25\\\/mali-attaques-terroriste-coordonnees-larmee-a-repris-le-controle\\\/#primaryimage\"},\"thumbnailUrl\":\"https:\\\/\\\/koratkamanews.com\\\/wp-content\\\/uploads\\\/2026\\\/04\\\/IMG_0334.webp\",\"datePublished\":\"2026-04-25T21:44:23+00:00\",\"dateModified\":\"2026-04-25T21:44:24+00:00\",\"breadcrumb\":{\"@id\":\"https:\\\/\\\/koratkamanews.com\\\/index.php\\\/2026\\\/04\\\/25\\\/mali-attaques-terroriste-coordonnees-larmee-a-repris-le-controle\\\/#breadcrumb\"},\"inLanguage\":\"fr-FR\",\"potentialAction\":[{\"@type\":\"ReadAction\",\"target\":[\"https:\\\/\\\/koratkamanews.com\\\/index.php\\\/2026\\\/04\\\/25\\\/mali-attaques-terroriste-coordonnees-larmee-a-repris-le-controle\\\/\"]}]},{\"@type\":\"ImageObject\",\"inLanguage\":\"fr-FR\",\"@id\":\"https:\\\/\\\/koratkamanews.com\\\/index.php\\\/2026\\\/04\\\/25\\\/mali-attaques-terroriste-coordonnees-larmee-a-repris-le-controle\\\/#primaryimage\",\"url\":\"https:\\\/\\\/koratkamanews.com\\\/wp-content\\\/uploads\\\/2026\\\/04\\\/IMG_0334.webp\",\"contentUrl\":\"https:\\\/\\\/koratkamanews.com\\\/wp-content\\\/uploads\\\/2026\\\/04\\\/IMG_0334.webp\",\"width\":616,\"height\":392},{\"@type\":\"BreadcrumbList\",\"@id\":\"https:\\\/\\\/koratkamanews.com\\\/index.php\\\/2026\\\/04\\\/25\\\/mali-attaques-terroriste-coordonnees-larmee-a-repris-le-controle\\\/#breadcrumb\",\"itemListElement\":[{\"@type\":\"ListItem\",\"position\":1,\"name\":\"Accueil\",\"item\":\"https:\\\/\\\/koratkamanews.com\\\/\"},{\"@type\":\"ListItem\",\"position\":2,\"name\":\"Mali: Attaques terroriste coordonn\u00e9es, l\u2019arm\u00e9e a repris le contr\u00f4le\"}]},{\"@type\":\"WebSite\",\"@id\":\"https:\\\/\\\/koratkamanews.com\\\/#website\",\"url\":\"https:\\\/\\\/koratkamanews.com\\\/\",\"name\":\"korat kama news\",\"description\":\"\",\"publisher\":{\"@id\":\"https:\\\/\\\/koratkamanews.com\\\/#organization\"},\"potentialAction\":[{\"@type\":\"SearchAction\",\"target\":{\"@type\":\"EntryPoint\",\"urlTemplate\":\"https:\\\/\\\/koratkamanews.com\\\/?s={search_term_string}\"},\"query-input\":{\"@type\":\"PropertyValueSpecification\",\"valueRequired\":true,\"valueName\":\"search_term_string\"}}],\"inLanguage\":\"fr-FR\"},{\"@type\":\"Organization\",\"@id\":\"https:\\\/\\\/koratkamanews.com\\\/#organization\",\"name\":\"korat kama news\",\"url\":\"https:\\\/\\\/koratkamanews.com\\\/\",\"logo\":{\"@type\":\"ImageObject\",\"inLanguage\":\"fr-FR\",\"@id\":\"https:\\\/\\\/koratkamanews.com\\\/#\\\/schema\\\/logo\\\/image\\\/\",\"url\":\"https:\\\/\\\/koratkamanews.com\\\/wp-content\\\/uploads\\\/2025\\\/03\\\/cropped-2KTV-png-2.png\",\"contentUrl\":\"https:\\\/\\\/koratkamanews.com\\\/wp-content\\\/uploads\\\/2025\\\/03\\\/cropped-2KTV-png-2.png\",\"width\":1661,\"height\":1020,\"caption\":\"korat kama news\"},\"image\":{\"@id\":\"https:\\\/\\\/koratkamanews.com\\\/#\\\/schema\\\/logo\\\/image\\\/\"},\"sameAs\":[\"https:\\\/\\\/www.facebook.com\\\/share\\\/16BKVBAYTG\\\/?mibextid=wwXIfr\",\"https:\\\/\\\/www.tiktok.com\\\/@korat_kama_tv?_t=ZM-8ulPJRRi4Wt&_r=1\",\"https:\\\/\\\/www.instagram.com\\\/koratkama?igsh=MTQwNmFtdWUyNml2OQ&utm_source=qr\"]},{\"@type\":\"Person\",\"@id\":\"https:\\\/\\\/koratkamanews.com\\\/#\\\/schema\\\/person\\\/10c053630af6f3cb4a9e31ac649036c9\",\"name\":\"Admin\",\"image\":{\"@type\":\"ImageObject\",\"inLanguage\":\"fr-FR\",\"@id\":\"https:\\\/\\\/secure.gravatar.com\\\/avatar\\\/e4cce3e8d1738446568a62e48fcca2f81014d2f035dbec3a04b96a745ef1e017?s=96&d=mm&r=g\",\"url\":\"https:\\\/\\\/secure.gravatar.com\\\/avatar\\\/e4cce3e8d1738446568a62e48fcca2f81014d2f035dbec3a04b96a745ef1e017?s=96&d=mm&r=g\",\"contentUrl\":\"https:\\\/\\\/secure.gravatar.com\\\/avatar\\\/e4cce3e8d1738446568a62e48fcca2f81014d2f035dbec3a04b96a745ef1e017?s=96&d=mm&r=g\",\"caption\":\"Admin\"},\"sameAs\":[\"https:\\\/\\\/koratkamanews.com\"],\"url\":\"https:\\\/\\\/koratkamanews.com\\\/index.php\\\/author\\\/admin\\\/\"}]}<\/script>\n<!-- \/ Yoast SEO plugin. -->","yoast_head_json":{"title":"Mali: Attaques terroriste coordonn\u00e9es, l\u2019arm\u00e9e a repris le contr\u00f4le - korat kama news","robots":{"index":"index","follow":"follow","max-snippet":"max-snippet:-1","max-image-preview":"max-image-preview:large","max-video-preview":"max-video-preview:-1"},"canonical":"https:\/\/koratkamanews.com\/index.php\/2026\/04\/25\/mali-attaques-terroriste-coordonnees-larmee-a-repris-le-controle\/","og_locale":"fr_FR","og_type":"article","og_title":"Mali: Attaques terroriste coordonn\u00e9es, l\u2019arm\u00e9e a repris le contr\u00f4le - korat kama news","og_description":"Bamako, le 25 avril 2026&nbsp;\u2013 Des attaques terroristes coordonn\u00e9es ont vis\u00e9 plusieurs villes du Mali&nbsp;ce samedi matin, mais la riposte rapide et d\u00e9termin\u00e9e des Forces arm\u00e9es maliennes a permis de contenir l\u2019offensive. Plusieurs assaillants ont \u00e9t\u00e9 neutralis\u00e9s et la situation rapidement reprise en main, malgr\u00e9 un bilan de 16 bless\u00e9s. Une menace persistante sur plusieurs [&hellip;]","og_url":"https:\/\/koratkamanews.com\/index.php\/2026\/04\/25\/mali-attaques-terroriste-coordonnees-larmee-a-repris-le-controle\/","og_site_name":"korat kama news","article_publisher":"https:\/\/www.facebook.com\/share\/16BKVBAYTG\/?mibextid=wwXIfr","article_published_time":"2026-04-25T21:44:23+00:00","article_modified_time":"2026-04-25T21:44:24+00:00","og_image":[{"width":616,"height":392,"url":"https:\/\/koratkamanews.com\/wp-content\/uploads\/2026\/04\/IMG_0334.webp","type":"image\/webp"}],"author":"Admin","twitter_card":"summary_large_image","twitter_misc":{"\u00c9crit par":"Admin","Dur\u00e9e de lecture estim\u00e9e":"3 minutes"},"schema":{"@context":"https:\/\/schema.org","@graph":[{"@type":"Article","@id":"https:\/\/koratkamanews.com\/index.php\/2026\/04\/25\/mali-attaques-terroriste-coordonnees-larmee-a-repris-le-controle\/#article","isPartOf":{"@id":"https:\/\/koratkamanews.com\/index.php\/2026\/04\/25\/mali-attaques-terroriste-coordonnees-larmee-a-repris-le-controle\/"},"author":{"name":"Admin","@id":"https:\/\/koratkamanews.com\/#\/schema\/person\/10c053630af6f3cb4a9e31ac649036c9"},"headline":"Mali: Attaques terroriste coordonn\u00e9es, l\u2019arm\u00e9e a repris le contr\u00f4le","datePublished":"2026-04-25T21:44:23+00:00","dateModified":"2026-04-25T21:44:24+00:00","mainEntityOfPage":{"@id":"https:\/\/koratkamanews.com\/index.php\/2026\/04\/25\/mali-attaques-terroriste-coordonnees-larmee-a-repris-le-controle\/"},"wordCount":483,"commentCount":0,"publisher":{"@id":"https:\/\/koratkamanews.com\/#organization"},"image":{"@id":"https:\/\/koratkamanews.com\/index.php\/2026\/04\/25\/mali-attaques-terroriste-coordonnees-larmee-a-repris-le-controle\/#primaryimage"},"thumbnailUrl":"https:\/\/koratkamanews.com\/wp-content\/uploads\/2026\/04\/IMG_0334.webp","articleSection":["Actualit\u00e9","Afrique","S\u00e9curit\u00e9"],"inLanguage":"fr-FR","potentialAction":[{"@type":"CommentAction","name":"Comment","target":["https:\/\/koratkamanews.com\/index.php\/2026\/04\/25\/mali-attaques-terroriste-coordonnees-larmee-a-repris-le-controle\/#respond"]}]},{"@type":"WebPage","@id":"https:\/\/koratkamanews.com\/index.php\/2026\/04\/25\/mali-attaques-terroriste-coordonnees-larmee-a-repris-le-controle\/","url":"https:\/\/koratkamanews.com\/index.php\/2026\/04\/25\/mali-attaques-terroriste-coordonnees-larmee-a-repris-le-controle\/","name":"Mali: Attaques terroriste coordonn\u00e9es, l\u2019arm\u00e9e a repris le contr\u00f4le - korat kama news","isPartOf":{"@id":"https:\/\/koratkamanews.com\/#website"},"primaryImageOfPage":{"@id":"https:\/\/koratkamanews.com\/index.php\/2026\/04\/25\/mali-attaques-terroriste-coordonnees-larmee-a-repris-le-controle\/#primaryimage"},"image":{"@id":"https:\/\/koratkamanews.com\/index.php\/2026\/04\/25\/mali-attaques-terroriste-coordonnees-larmee-a-repris-le-controle\/#primaryimage"},"thumbnailUrl":"https:\/\/koratkamanews.com\/wp-content\/uploads\/2026\/04\/IMG_0334.webp","datePublished":"2026-04-25T21:44:23+00:00","dateModified":"2026-04-25T21:44:24+00:00","breadcrumb":{"@id":"https:\/\/koratkamanews.com\/index.php\/2026\/04\/25\/mali-attaques-terroriste-coordonnees-larmee-a-repris-le-controle\/#breadcrumb"},"inLanguage":"fr-FR","potentialAction":[{"@type":"ReadAction","target":["https:\/\/koratkamanews.com\/index.php\/2026\/04\/25\/mali-attaques-terroriste-coordonnees-larmee-a-repris-le-controle\/"]}]},{"@type":"ImageObject","inLanguage":"fr-FR","@id":"https:\/\/koratkamanews.com\/index.php\/2026\/04\/25\/mali-attaques-terroriste-coordonnees-larmee-a-repris-le-controle\/#primaryimage","url":"https:\/\/koratkamanews.com\/wp-content\/uploads\/2026\/04\/IMG_0334.webp","contentUrl":"https:\/\/koratkamanews.com\/wp-content\/uploads\/2026\/04\/IMG_0334.webp","width":616,"height":392},{"@type":"BreadcrumbList","@id":"https:\/\/koratkamanews.com\/index.php\/2026\/04\/25\/mali-attaques-terroriste-coordonnees-larmee-a-repris-le-controle\/#breadcrumb","itemListElement":[{"@type":"ListItem","position":1,"name":"Accueil","item":"https:\/\/koratkamanews.com\/"},{"@type":"ListItem","position":2,"name":"Mali: Attaques terroriste coordonn\u00e9es, l\u2019arm\u00e9e a repris le contr\u00f4le"}]},{"@type":"WebSite","@id":"https:\/\/koratkamanews.com\/#website","url":"https:\/\/koratkamanews.com\/","name":"korat kama news","description":"","publisher":{"@id":"https:\/\/koratkamanews.com\/#organization"},"potentialAction":[{"@type":"SearchAction","target":{"@type":"EntryPoint","urlTemplate":"https:\/\/koratkamanews.com\/?s={search_term_string}"},"query-input":{"@type":"PropertyValueSpecification","valueRequired":true,"valueName":"search_term_string"}}],"inLanguage":"fr-FR"},{"@type":"Organization","@id":"https:\/\/koratkamanews.com\/#organization","name":"korat kama news","url":"https:\/\/koratkamanews.com\/","logo":{"@type":"ImageObject","inLanguage":"fr-FR","@id":"https:\/\/koratkamanews.com\/#\/schema\/logo\/image\/","url":"https:\/\/koratkamanews.com\/wp-content\/uploads\/2025\/03\/cropped-2KTV-png-2.png","contentUrl":"https:\/\/koratkamanews.com\/wp-content\/uploads\/2025\/03\/cropped-2KTV-png-2.png","width":1661,"height":1020,"caption":"korat kama news"},"image":{"@id":"https:\/\/koratkamanews.com\/#\/schema\/logo\/image\/"},"sameAs":["https:\/\/www.facebook.com\/share\/16BKVBAYTG\/?mibextid=wwXIfr","https:\/\/www.tiktok.com\/@korat_kama_tv?_t=ZM-8ulPJRRi4Wt&_r=1","https:\/\/www.instagram.com\/koratkama?igsh=MTQwNmFtdWUyNml2OQ&utm_source=qr"]},{"@type":"Person","@id":"https:\/\/koratkamanews.com\/#\/schema\/person\/10c053630af6f3cb4a9e31ac649036c9","name":"Admin","image":{"@type":"ImageObject","inLanguage":"fr-FR","@id":"https:\/\/secure.gravatar.com\/avatar\/e4cce3e8d1738446568a62e48fcca2f81014d2f035dbec3a04b96a745ef1e017?s=96&d=mm&r=g","url":"https:\/\/secure.gravatar.com\/avatar\/e4cce3e8d1738446568a62e48fcca2f81014d2f035dbec3a04b96a745ef1e017?s=96&d=mm&r=g","contentUrl":"https:\/\/secure.gravatar.com\/avatar\/e4cce3e8d1738446568a62e48fcca2f81014d2f035dbec3a04b96a745ef1e017?s=96&d=mm&r=g","caption":"Admin"},"sameAs":["https:\/\/koratkamanews.com"],"url":"https:\/\/koratkamanews.com\/index.php\/author\/admin\/"}]}},"_links":{"self":[{"href":"https:\/\/koratkamanews.com\/index.php\/wp-json\/wp\/v2\/posts\/1162","targetHints":{"allow":["GET"]}}],"collection":[{"href":"https:\/\/koratkamanews.com\/index.php\/wp-json\/wp\/v2\/posts"}],"about":[{"href":"https:\/\/koratkamanews.com\/index.php\/wp-json\/wp\/v2\/types\/post"}],"author":[{"embeddable":true,"href":"https:\/\/koratkamanews.com\/index.php\/wp-json\/wp\/v2\/users\/1"}],"replies":[{"embeddable":true,"href":"https:\/\/koratkamanews.com\/index.php\/wp-json\/wp\/v2\/comments?post=1162"}],"version-history":[{"count":1,"href":"https:\/\/koratkamanews.com\/index.php\/wp-json\/wp\/v2\/posts\/1162\/revisions"}],"predecessor-version":[{"id":1164,"href":"https:\/\/koratkamanews.com\/index.php\/wp-json\/wp\/v2\/posts\/1162\/revisions\/1164"}],"wp:featuredmedia":[{"embeddable":true,"href":"https:\/\/koratkamanews.com\/index.php\/wp-json\/wp\/v2\/media\/1163"}],"wp:attachment":[{"href":"https:\/\/koratkamanews.com\/index.php\/wp-json\/wp\/v2\/media?parent=1162"}],"wp:term":[{"taxonomy":"category","embeddable":true,"href":"https:\/\/koratkamanews.com\/index.php\/wp-json\/wp\/v2\/categories?post=1162"},{"taxonomy":"post_tag","embeddable":true,"href":"https:\/\/koratkamanews.com\/index.php\/wp-json\/wp\/v2\/tags?post=1162"}],"curies":[{"name":"wp","href":"https:\/\/api.w.org\/{rel}","templated":true}]}}