{"id":1172,"date":"2026-04-29T19:40:24","date_gmt":"2026-04-29T19:40:24","guid":{"rendered":"https:\/\/koratkamanews.com\/?p=1172"},"modified":"2026-04-29T19:40:25","modified_gmt":"2026-04-29T19:40:25","slug":"apres-les-attaques-du-25-avril-assimi-goita-fixe-une-nouvelle-doctrine-securitaire-pour-le-mali","status":"publish","type":"post","link":"https:\/\/koratkamanews.com\/index.php\/2026\/04\/29\/apres-les-attaques-du-25-avril-assimi-goita-fixe-une-nouvelle-doctrine-securitaire-pour-le-mali\/","title":{"rendered":"Apr\u00e8s les attaques du 25 avril, Assimi Go\u00efta fixe une nouvelle doctrine s\u00e9curitaire pour le Mali"},"content":{"rendered":"\n<p><strong>Koulouba, le 29 avril 2026<\/strong>&nbsp;\u2013 Quatre jours apr\u00e8s les attaques terroristes coordonn\u00e9es qui ont secou\u00e9 plusieurs localit\u00e9s du Mali, les plus hautes autorit\u00e9s du pays ont tenu une session strat\u00e9gique du Conseil sup\u00e9rieur de la D\u00e9fense nationale. \u00c0 l\u2019issue de cette rencontre, le pr\u00e9sident de la Transition, le g\u00e9n\u00e9ral d\u2019arm\u00e9e Assimi Go\u00efta, a d\u00e9fini de nouvelles orientations pour renforcer la riposte s\u00e9curitaire, tandis que les forces arm\u00e9es ont inflig\u00e9 de lourdes pertes aux assaillants.<\/p>\n\n\n\n<p><strong>Un pays sous pression apr\u00e8s des attaques coordonn\u00e9es<\/strong><\/p>\n\n\n\n<p>Les attaques du 25 avril 2026 ont marqu\u00e9 une nouvelle escalade dans la crise s\u00e9curitaire que traverse le Mali. Men\u00e9es de mani\u00e8re simultan\u00e9e contre plusieurs localit\u00e9s, ces offensives ont mis en lumi\u00e8re la capacit\u00e9 de coordination des groupes arm\u00e9s terroristes.<\/p>\n\n\n\n<p>Face \u00e0 cette situation, les autorit\u00e9s de la Transition ont rapidement convoqu\u00e9 le Conseil sup\u00e9rieur de la D\u00e9fense nationale afin d\u2019\u00e9valuer l\u2019ampleur de la menace et d\u2019ajuster la strat\u00e9gie militaire.<\/p>\n\n\n\n<p><strong>Une riposte rapide et des pertes importantes chez les assaillants<\/strong><\/p>\n\n\n\n<p>R\u00e9unie ce mercredi 29 avril 2026 \u00e0 Koulouba, la session du Conseil s\u2019est tenue en pr\u00e9sence du Premier ministre, des membres du gouvernement, ainsi que des responsables des forces de d\u00e9fense et de s\u00e9curit\u00e9.<\/p>\n\n\n\n<p>\u00c0 l\u2019issue des travaux, le ministre de la S\u00e9curit\u00e9 et de la Protection civile, Daoud Aly Mohammedine, a livr\u00e9 les principales conclusions :<\/p>\n\n\n\n<ul class=\"wp-block-list\">\n<li>Les attaques ont \u00e9t\u00e9\u00a0<strong>minutieusement planifi\u00e9es<\/strong>\u00a0avec des objectifs strat\u00e9giques pr\u00e9cis.<\/li>\n\n\n\n<li>Gr\u00e2ce \u00e0 la\u00a0<strong>r\u00e9activit\u00e9 et au professionnalisme<\/strong>\u00a0des forces arm\u00e9es maliennes, les assaillants ont subi\u00a0<strong>d\u2019importantes pertes humaines et mat\u00e9rielles<\/strong>.<\/li>\n\n\n\n<li>Les groupes terroristes ont \u00e9t\u00e9\u00a0<strong>contraints au repli<\/strong>\u00a0face \u00e0 la riposte militaire.<\/li>\n\n\n\n<li>La situation est aujourd\u2019hui\u00a0<strong>sous contr\u00f4le sur l\u2019ensemble du territoire national<\/strong>.<\/li>\n<\/ul>\n\n\n\n<p>Le ministre a \u00e9galement exprim\u00e9 les condol\u00e9ances de la Nation aux victimes, tout en rendant hommage au g\u00e9n\u00e9ral Sadio Camara, tomb\u00e9 au service de la patrie.<\/p>\n\n\n\n<p><strong>Une r\u00e9organisation strat\u00e9gique de la d\u00e9fense nationale<\/strong><\/p>\n\n\n\n<p>Au-del\u00e0 de la r\u00e9ponse imm\u00e9diate, cette r\u00e9union marque une \u00e9tape cl\u00e9 dans l\u2019\u00e9volution de la doctrine s\u00e9curitaire du Mali.<\/p>\n\n\n\n<p>Le pr\u00e9sident de la Transition, Assimi Go\u00efta, a ainsi formul\u00e9&nbsp;<strong>seize orientations strat\u00e9giques<\/strong>&nbsp;visant \u00e0 renforcer durablement le dispositif national de d\u00e9fense et de s\u00e9curit\u00e9.<\/p>\n\n\n\n<p>Ces mesures traduisent la volont\u00e9 des autorit\u00e9s de :<\/p>\n\n\n\n<ul class=\"wp-block-list\">\n<li>consolider la\u00a0<strong>capacit\u00e9 op\u00e9rationnelle des forces arm\u00e9es<\/strong>,<\/li>\n\n\n\n<li>am\u00e9liorer le\u00a0<strong>renseignement et l\u2019anticipation des menaces<\/strong>,<\/li>\n\n\n\n<li>et renforcer la\u00a0<strong>coordination entre les diff\u00e9rents acteurs s\u00e9curitaires<\/strong>.<\/li>\n<\/ul>\n\n\n\n<p>Par ailleurs, le r\u00f4le des populations a \u00e9t\u00e9 mis en avant, notamment leur contribution au renseignement, jug\u00e9e d\u00e9terminante dans la lutte contre le terrorisme.<\/p>\n\n\n\n<p>En r\u00e9action aux attaques du 25 avril, le Mali affiche une volont\u00e9 claire de reprendre l\u2019initiative sur le terrain s\u00e9curitaire. Entre riposte militaire efficace et red\u00e9finition strat\u00e9gique, les autorit\u00e9s entendent durcir le ton face aux groupes arm\u00e9s. Reste \u00e0 savoir si ces nouvelles orientations permettront d\u2019inscrire durablement le pays sur la voie de la stabilisation.<\/p>\n","protected":false},"excerpt":{"rendered":"<p>Koulouba, le 29 avril 2026&nbsp;\u2013 Quatre jours apr\u00e8s les attaques terroristes coordonn\u00e9es qui ont secou\u00e9 plusieurs localit\u00e9s du Mali, les plus hautes autorit\u00e9s du pays ont tenu une session strat\u00e9gique du Conseil sup\u00e9rieur de la D\u00e9fense nationale. \u00c0 l\u2019issue de cette rencontre, le pr\u00e9sident de la Transition, le g\u00e9n\u00e9ral d\u2019arm\u00e9e Assimi Go\u00efta, a d\u00e9fini de [&hellip;]<\/p>\n","protected":false},"author":1,"featured_media":1173,"comment_status":"open","ping_status":"open","sticky":false,"template":"","format":"standard","meta":{"footnotes":""},"categories":[9,35,44],"tags":[],"class_list":["post-1172","post","type-post","status-publish","format-standard","has-post-thumbnail","hentry","category-actualite","category-afrique","category-securite"],"yoast_head":"<!-- This site is optimized with the Yoast SEO plugin v27.5 - https:\/\/yoast.com\/product\/yoast-seo-wordpress\/ -->\n<title>Apr\u00e8s les attaques du 25 avril, Assimi Go\u00efta fixe une nouvelle doctrine s\u00e9curitaire pour le Mali - korat kama news<\/title>\n<meta name=\"robots\" content=\"index, follow, max-snippet:-1, max-image-preview:large, max-video-preview:-1\" \/>\n<link rel=\"canonical\" href=\"https:\/\/koratkamanews.com\/index.php\/2026\/04\/29\/apres-les-attaques-du-25-avril-assimi-goita-fixe-une-nouvelle-doctrine-securitaire-pour-le-mali\/\" \/>\n<meta property=\"og:locale\" content=\"fr_FR\" \/>\n<meta property=\"og:type\" content=\"article\" \/>\n<meta property=\"og:title\" content=\"Apr\u00e8s les attaques du 25 avril, Assimi Go\u00efta fixe une nouvelle doctrine s\u00e9curitaire pour le Mali - korat kama news\" \/>\n<meta property=\"og:description\" content=\"Koulouba, le 29 avril 2026&nbsp;\u2013 Quatre jours apr\u00e8s les attaques terroristes coordonn\u00e9es qui ont secou\u00e9 plusieurs localit\u00e9s du Mali, les plus hautes autorit\u00e9s du pays ont tenu une session strat\u00e9gique du Conseil sup\u00e9rieur de la D\u00e9fense nationale. \u00c0 l\u2019issue de cette rencontre, le pr\u00e9sident de la Transition, le g\u00e9n\u00e9ral d\u2019arm\u00e9e Assimi Go\u00efta, a d\u00e9fini de [&hellip;]\" \/>\n<meta property=\"og:url\" content=\"https:\/\/koratkamanews.com\/index.php\/2026\/04\/29\/apres-les-attaques-du-25-avril-assimi-goita-fixe-une-nouvelle-doctrine-securitaire-pour-le-mali\/\" \/>\n<meta property=\"og:site_name\" content=\"korat kama news\" \/>\n<meta property=\"article:publisher\" content=\"https:\/\/www.facebook.com\/share\/16BKVBAYTG\/?mibextid=wwXIfr\" \/>\n<meta property=\"article:published_time\" content=\"2026-04-29T19:40:24+00:00\" \/>\n<meta property=\"article:modified_time\" content=\"2026-04-29T19:40:25+00:00\" \/>\n<meta property=\"og:image\" content=\"https:\/\/koratkamanews.com\/wp-content\/uploads\/2026\/04\/IMG_7145.jpeg\" \/>\n\t<meta property=\"og:image:width\" content=\"1500\" \/>\n\t<meta property=\"og:image:height\" content=\"1000\" \/>\n\t<meta property=\"og:image:type\" content=\"image\/jpeg\" \/>\n<meta name=\"author\" content=\"Admin\" \/>\n<meta name=\"twitter:card\" content=\"summary_large_image\" \/>\n<meta name=\"twitter:label1\" content=\"\u00c9crit par\" \/>\n\t<meta name=\"twitter:data1\" content=\"Admin\" \/>\n\t<meta name=\"twitter:label2\" content=\"Dur\u00e9e de lecture estim\u00e9e\" \/>\n\t<meta name=\"twitter:data2\" content=\"3 minutes\" \/>\n<script type=\"application\/ld+json\" class=\"yoast-schema-graph\">{\"@context\":\"https:\\\/\\\/schema.org\",\"@graph\":[{\"@type\":\"Article\",\"@id\":\"https:\\\/\\\/koratkamanews.com\\\/index.php\\\/2026\\\/04\\\/29\\\/apres-les-attaques-du-25-avril-assimi-goita-fixe-une-nouvelle-doctrine-securitaire-pour-le-mali\\\/#article\",\"isPartOf\":{\"@id\":\"https:\\\/\\\/koratkamanews.com\\\/index.php\\\/2026\\\/04\\\/29\\\/apres-les-attaques-du-25-avril-assimi-goita-fixe-une-nouvelle-doctrine-securitaire-pour-le-mali\\\/\"},\"author\":{\"name\":\"Admin\",\"@id\":\"https:\\\/\\\/koratkamanews.com\\\/#\\\/schema\\\/person\\\/10c053630af6f3cb4a9e31ac649036c9\"},\"headline\":\"Apr\u00e8s les attaques du 25 avril, Assimi Go\u00efta fixe une nouvelle doctrine s\u00e9curitaire pour le Mali\",\"datePublished\":\"2026-04-29T19:40:24+00:00\",\"dateModified\":\"2026-04-29T19:40:25+00:00\",\"mainEntityOfPage\":{\"@id\":\"https:\\\/\\\/koratkamanews.com\\\/index.php\\\/2026\\\/04\\\/29\\\/apres-les-attaques-du-25-avril-assimi-goita-fixe-une-nouvelle-doctrine-securitaire-pour-le-mali\\\/\"},\"wordCount\":551,\"commentCount\":0,\"publisher\":{\"@id\":\"https:\\\/\\\/koratkamanews.com\\\/#organization\"},\"image\":{\"@id\":\"https:\\\/\\\/koratkamanews.com\\\/index.php\\\/2026\\\/04\\\/29\\\/apres-les-attaques-du-25-avril-assimi-goita-fixe-une-nouvelle-doctrine-securitaire-pour-le-mali\\\/#primaryimage\"},\"thumbnailUrl\":\"https:\\\/\\\/koratkamanews.com\\\/wp-content\\\/uploads\\\/2026\\\/04\\\/IMG_7145.jpeg\",\"articleSection\":[\"Actualit\u00e9\",\"Afrique\",\"S\u00e9curit\u00e9\"],\"inLanguage\":\"fr-FR\",\"potentialAction\":[{\"@type\":\"CommentAction\",\"name\":\"Comment\",\"target\":[\"https:\\\/\\\/koratkamanews.com\\\/index.php\\\/2026\\\/04\\\/29\\\/apres-les-attaques-du-25-avril-assimi-goita-fixe-une-nouvelle-doctrine-securitaire-pour-le-mali\\\/#respond\"]}]},{\"@type\":\"WebPage\",\"@id\":\"https:\\\/\\\/koratkamanews.com\\\/index.php\\\/2026\\\/04\\\/29\\\/apres-les-attaques-du-25-avril-assimi-goita-fixe-une-nouvelle-doctrine-securitaire-pour-le-mali\\\/\",\"url\":\"https:\\\/\\\/koratkamanews.com\\\/index.php\\\/2026\\\/04\\\/29\\\/apres-les-attaques-du-25-avril-assimi-goita-fixe-une-nouvelle-doctrine-securitaire-pour-le-mali\\\/\",\"name\":\"Apr\u00e8s les attaques du 25 avril, Assimi Go\u00efta fixe une nouvelle doctrine s\u00e9curitaire pour le Mali - korat kama news\",\"isPartOf\":{\"@id\":\"https:\\\/\\\/koratkamanews.com\\\/#website\"},\"primaryImageOfPage\":{\"@id\":\"https:\\\/\\\/koratkamanews.com\\\/index.php\\\/2026\\\/04\\\/29\\\/apres-les-attaques-du-25-avril-assimi-goita-fixe-une-nouvelle-doctrine-securitaire-pour-le-mali\\\/#primaryimage\"},\"image\":{\"@id\":\"https:\\\/\\\/koratkamanews.com\\\/index.php\\\/2026\\\/04\\\/29\\\/apres-les-attaques-du-25-avril-assimi-goita-fixe-une-nouvelle-doctrine-securitaire-pour-le-mali\\\/#primaryimage\"},\"thumbnailUrl\":\"https:\\\/\\\/koratkamanews.com\\\/wp-content\\\/uploads\\\/2026\\\/04\\\/IMG_7145.jpeg\",\"datePublished\":\"2026-04-29T19:40:24+00:00\",\"dateModified\":\"2026-04-29T19:40:25+00:00\",\"breadcrumb\":{\"@id\":\"https:\\\/\\\/koratkamanews.com\\\/index.php\\\/2026\\\/04\\\/29\\\/apres-les-attaques-du-25-avril-assimi-goita-fixe-une-nouvelle-doctrine-securitaire-pour-le-mali\\\/#breadcrumb\"},\"inLanguage\":\"fr-FR\",\"potentialAction\":[{\"@type\":\"ReadAction\",\"target\":[\"https:\\\/\\\/koratkamanews.com\\\/index.php\\\/2026\\\/04\\\/29\\\/apres-les-attaques-du-25-avril-assimi-goita-fixe-une-nouvelle-doctrine-securitaire-pour-le-mali\\\/\"]}]},{\"@type\":\"ImageObject\",\"inLanguage\":\"fr-FR\",\"@id\":\"https:\\\/\\\/koratkamanews.com\\\/index.php\\\/2026\\\/04\\\/29\\\/apres-les-attaques-du-25-avril-assimi-goita-fixe-une-nouvelle-doctrine-securitaire-pour-le-mali\\\/#primaryimage\",\"url\":\"https:\\\/\\\/koratkamanews.com\\\/wp-content\\\/uploads\\\/2026\\\/04\\\/IMG_7145.jpeg\",\"contentUrl\":\"https:\\\/\\\/koratkamanews.com\\\/wp-content\\\/uploads\\\/2026\\\/04\\\/IMG_7145.jpeg\",\"width\":1500,\"height\":1000},{\"@type\":\"BreadcrumbList\",\"@id\":\"https:\\\/\\\/koratkamanews.com\\\/index.php\\\/2026\\\/04\\\/29\\\/apres-les-attaques-du-25-avril-assimi-goita-fixe-une-nouvelle-doctrine-securitaire-pour-le-mali\\\/#breadcrumb\",\"itemListElement\":[{\"@type\":\"ListItem\",\"position\":1,\"name\":\"Accueil\",\"item\":\"https:\\\/\\\/koratkamanews.com\\\/\"},{\"@type\":\"ListItem\",\"position\":2,\"name\":\"Apr\u00e8s les attaques du 25 avril, Assimi Go\u00efta fixe une nouvelle doctrine s\u00e9curitaire pour le Mali\"}]},{\"@type\":\"WebSite\",\"@id\":\"https:\\\/\\\/koratkamanews.com\\\/#website\",\"url\":\"https:\\\/\\\/koratkamanews.com\\\/\",\"name\":\"korat kama news\",\"description\":\"\",\"publisher\":{\"@id\":\"https:\\\/\\\/koratkamanews.com\\\/#organization\"},\"potentialAction\":[{\"@type\":\"SearchAction\",\"target\":{\"@type\":\"EntryPoint\",\"urlTemplate\":\"https:\\\/\\\/koratkamanews.com\\\/?s={search_term_string}\"},\"query-input\":{\"@type\":\"PropertyValueSpecification\",\"valueRequired\":true,\"valueName\":\"search_term_string\"}}],\"inLanguage\":\"fr-FR\"},{\"@type\":\"Organization\",\"@id\":\"https:\\\/\\\/koratkamanews.com\\\/#organization\",\"name\":\"korat kama news\",\"url\":\"https:\\\/\\\/koratkamanews.com\\\/\",\"logo\":{\"@type\":\"ImageObject\",\"inLanguage\":\"fr-FR\",\"@id\":\"https:\\\/\\\/koratkamanews.com\\\/#\\\/schema\\\/logo\\\/image\\\/\",\"url\":\"https:\\\/\\\/koratkamanews.com\\\/wp-content\\\/uploads\\\/2025\\\/03\\\/cropped-2KTV-png-2.png\",\"contentUrl\":\"https:\\\/\\\/koratkamanews.com\\\/wp-content\\\/uploads\\\/2025\\\/03\\\/cropped-2KTV-png-2.png\",\"width\":1661,\"height\":1020,\"caption\":\"korat kama news\"},\"image\":{\"@id\":\"https:\\\/\\\/koratkamanews.com\\\/#\\\/schema\\\/logo\\\/image\\\/\"},\"sameAs\":[\"https:\\\/\\\/www.facebook.com\\\/share\\\/16BKVBAYTG\\\/?mibextid=wwXIfr\",\"https:\\\/\\\/www.tiktok.com\\\/@korat_kama_tv?_t=ZM-8ulPJRRi4Wt&_r=1\",\"https:\\\/\\\/www.instagram.com\\\/koratkama?igsh=MTQwNmFtdWUyNml2OQ&utm_source=qr\"]},{\"@type\":\"Person\",\"@id\":\"https:\\\/\\\/koratkamanews.com\\\/#\\\/schema\\\/person\\\/10c053630af6f3cb4a9e31ac649036c9\",\"name\":\"Admin\",\"image\":{\"@type\":\"ImageObject\",\"inLanguage\":\"fr-FR\",\"@id\":\"https:\\\/\\\/secure.gravatar.com\\\/avatar\\\/e4cce3e8d1738446568a62e48fcca2f81014d2f035dbec3a04b96a745ef1e017?s=96&d=mm&r=g\",\"url\":\"https:\\\/\\\/secure.gravatar.com\\\/avatar\\\/e4cce3e8d1738446568a62e48fcca2f81014d2f035dbec3a04b96a745ef1e017?s=96&d=mm&r=g\",\"contentUrl\":\"https:\\\/\\\/secure.gravatar.com\\\/avatar\\\/e4cce3e8d1738446568a62e48fcca2f81014d2f035dbec3a04b96a745ef1e017?s=96&d=mm&r=g\",\"caption\":\"Admin\"},\"sameAs\":[\"https:\\\/\\\/koratkamanews.com\"],\"url\":\"https:\\\/\\\/koratkamanews.com\\\/index.php\\\/author\\\/admin\\\/\"}]}<\/script>\n<!-- \/ Yoast SEO plugin. -->","yoast_head_json":{"title":"Apr\u00e8s les attaques du 25 avril, Assimi Go\u00efta fixe une nouvelle doctrine s\u00e9curitaire pour le Mali - korat kama news","robots":{"index":"index","follow":"follow","max-snippet":"max-snippet:-1","max-image-preview":"max-image-preview:large","max-video-preview":"max-video-preview:-1"},"canonical":"https:\/\/koratkamanews.com\/index.php\/2026\/04\/29\/apres-les-attaques-du-25-avril-assimi-goita-fixe-une-nouvelle-doctrine-securitaire-pour-le-mali\/","og_locale":"fr_FR","og_type":"article","og_title":"Apr\u00e8s les attaques du 25 avril, Assimi Go\u00efta fixe une nouvelle doctrine s\u00e9curitaire pour le Mali - korat kama news","og_description":"Koulouba, le 29 avril 2026&nbsp;\u2013 Quatre jours apr\u00e8s les attaques terroristes coordonn\u00e9es qui ont secou\u00e9 plusieurs localit\u00e9s du Mali, les plus hautes autorit\u00e9s du pays ont tenu une session strat\u00e9gique du Conseil sup\u00e9rieur de la D\u00e9fense nationale. \u00c0 l\u2019issue de cette rencontre, le pr\u00e9sident de la Transition, le g\u00e9n\u00e9ral d\u2019arm\u00e9e Assimi Go\u00efta, a d\u00e9fini de [&hellip;]","og_url":"https:\/\/koratkamanews.com\/index.php\/2026\/04\/29\/apres-les-attaques-du-25-avril-assimi-goita-fixe-une-nouvelle-doctrine-securitaire-pour-le-mali\/","og_site_name":"korat kama news","article_publisher":"https:\/\/www.facebook.com\/share\/16BKVBAYTG\/?mibextid=wwXIfr","article_published_time":"2026-04-29T19:40:24+00:00","article_modified_time":"2026-04-29T19:40:25+00:00","og_image":[{"width":1500,"height":1000,"url":"https:\/\/koratkamanews.com\/wp-content\/uploads\/2026\/04\/IMG_7145.jpeg","type":"image\/jpeg"}],"author":"Admin","twitter_card":"summary_large_image","twitter_misc":{"\u00c9crit par":"Admin","Dur\u00e9e de lecture estim\u00e9e":"3 minutes"},"schema":{"@context":"https:\/\/schema.org","@graph":[{"@type":"Article","@id":"https:\/\/koratkamanews.com\/index.php\/2026\/04\/29\/apres-les-attaques-du-25-avril-assimi-goita-fixe-une-nouvelle-doctrine-securitaire-pour-le-mali\/#article","isPartOf":{"@id":"https:\/\/koratkamanews.com\/index.php\/2026\/04\/29\/apres-les-attaques-du-25-avril-assimi-goita-fixe-une-nouvelle-doctrine-securitaire-pour-le-mali\/"},"author":{"name":"Admin","@id":"https:\/\/koratkamanews.com\/#\/schema\/person\/10c053630af6f3cb4a9e31ac649036c9"},"headline":"Apr\u00e8s les attaques du 25 avril, Assimi Go\u00efta fixe une nouvelle doctrine s\u00e9curitaire pour le Mali","datePublished":"2026-04-29T19:40:24+00:00","dateModified":"2026-04-29T19:40:25+00:00","mainEntityOfPage":{"@id":"https:\/\/koratkamanews.com\/index.php\/2026\/04\/29\/apres-les-attaques-du-25-avril-assimi-goita-fixe-une-nouvelle-doctrine-securitaire-pour-le-mali\/"},"wordCount":551,"commentCount":0,"publisher":{"@id":"https:\/\/koratkamanews.com\/#organization"},"image":{"@id":"https:\/\/koratkamanews.com\/index.php\/2026\/04\/29\/apres-les-attaques-du-25-avril-assimi-goita-fixe-une-nouvelle-doctrine-securitaire-pour-le-mali\/#primaryimage"},"thumbnailUrl":"https:\/\/koratkamanews.com\/wp-content\/uploads\/2026\/04\/IMG_7145.jpeg","articleSection":["Actualit\u00e9","Afrique","S\u00e9curit\u00e9"],"inLanguage":"fr-FR","potentialAction":[{"@type":"CommentAction","name":"Comment","target":["https:\/\/koratkamanews.com\/index.php\/2026\/04\/29\/apres-les-attaques-du-25-avril-assimi-goita-fixe-une-nouvelle-doctrine-securitaire-pour-le-mali\/#respond"]}]},{"@type":"WebPage","@id":"https:\/\/koratkamanews.com\/index.php\/2026\/04\/29\/apres-les-attaques-du-25-avril-assimi-goita-fixe-une-nouvelle-doctrine-securitaire-pour-le-mali\/","url":"https:\/\/koratkamanews.com\/index.php\/2026\/04\/29\/apres-les-attaques-du-25-avril-assimi-goita-fixe-une-nouvelle-doctrine-securitaire-pour-le-mali\/","name":"Apr\u00e8s les attaques du 25 avril, Assimi Go\u00efta fixe une nouvelle doctrine s\u00e9curitaire pour le Mali - korat kama news","isPartOf":{"@id":"https:\/\/koratkamanews.com\/#website"},"primaryImageOfPage":{"@id":"https:\/\/koratkamanews.com\/index.php\/2026\/04\/29\/apres-les-attaques-du-25-avril-assimi-goita-fixe-une-nouvelle-doctrine-securitaire-pour-le-mali\/#primaryimage"},"image":{"@id":"https:\/\/koratkamanews.com\/index.php\/2026\/04\/29\/apres-les-attaques-du-25-avril-assimi-goita-fixe-une-nouvelle-doctrine-securitaire-pour-le-mali\/#primaryimage"},"thumbnailUrl":"https:\/\/koratkamanews.com\/wp-content\/uploads\/2026\/04\/IMG_7145.jpeg","datePublished":"2026-04-29T19:40:24+00:00","dateModified":"2026-04-29T19:40:25+00:00","breadcrumb":{"@id":"https:\/\/koratkamanews.com\/index.php\/2026\/04\/29\/apres-les-attaques-du-25-avril-assimi-goita-fixe-une-nouvelle-doctrine-securitaire-pour-le-mali\/#breadcrumb"},"inLanguage":"fr-FR","potentialAction":[{"@type":"ReadAction","target":["https:\/\/koratkamanews.com\/index.php\/2026\/04\/29\/apres-les-attaques-du-25-avril-assimi-goita-fixe-une-nouvelle-doctrine-securitaire-pour-le-mali\/"]}]},{"@type":"ImageObject","inLanguage":"fr-FR","@id":"https:\/\/koratkamanews.com\/index.php\/2026\/04\/29\/apres-les-attaques-du-25-avril-assimi-goita-fixe-une-nouvelle-doctrine-securitaire-pour-le-mali\/#primaryimage","url":"https:\/\/koratkamanews.com\/wp-content\/uploads\/2026\/04\/IMG_7145.jpeg","contentUrl":"https:\/\/koratkamanews.com\/wp-content\/uploads\/2026\/04\/IMG_7145.jpeg","width":1500,"height":1000},{"@type":"BreadcrumbList","@id":"https:\/\/koratkamanews.com\/index.php\/2026\/04\/29\/apres-les-attaques-du-25-avril-assimi-goita-fixe-une-nouvelle-doctrine-securitaire-pour-le-mali\/#breadcrumb","itemListElement":[{"@type":"ListItem","position":1,"name":"Accueil","item":"https:\/\/koratkamanews.com\/"},{"@type":"ListItem","position":2,"name":"Apr\u00e8s les attaques du 25 avril, Assimi Go\u00efta fixe une nouvelle doctrine s\u00e9curitaire pour le Mali"}]},{"@type":"WebSite","@id":"https:\/\/koratkamanews.com\/#website","url":"https:\/\/koratkamanews.com\/","name":"korat kama news","description":"","publisher":{"@id":"https:\/\/koratkamanews.com\/#organization"},"potentialAction":[{"@type":"SearchAction","target":{"@type":"EntryPoint","urlTemplate":"https:\/\/koratkamanews.com\/?s={search_term_string}"},"query-input":{"@type":"PropertyValueSpecification","valueRequired":true,"valueName":"search_term_string"}}],"inLanguage":"fr-FR"},{"@type":"Organization","@id":"https:\/\/koratkamanews.com\/#organization","name":"korat kama news","url":"https:\/\/koratkamanews.com\/","logo":{"@type":"ImageObject","inLanguage":"fr-FR","@id":"https:\/\/koratkamanews.com\/#\/schema\/logo\/image\/","url":"https:\/\/koratkamanews.com\/wp-content\/uploads\/2025\/03\/cropped-2KTV-png-2.png","contentUrl":"https:\/\/koratkamanews.com\/wp-content\/uploads\/2025\/03\/cropped-2KTV-png-2.png","width":1661,"height":1020,"caption":"korat kama news"},"image":{"@id":"https:\/\/koratkamanews.com\/#\/schema\/logo\/image\/"},"sameAs":["https:\/\/www.facebook.com\/share\/16BKVBAYTG\/?mibextid=wwXIfr","https:\/\/www.tiktok.com\/@korat_kama_tv?_t=ZM-8ulPJRRi4Wt&_r=1","https:\/\/www.instagram.com\/koratkama?igsh=MTQwNmFtdWUyNml2OQ&utm_source=qr"]},{"@type":"Person","@id":"https:\/\/koratkamanews.com\/#\/schema\/person\/10c053630af6f3cb4a9e31ac649036c9","name":"Admin","image":{"@type":"ImageObject","inLanguage":"fr-FR","@id":"https:\/\/secure.gravatar.com\/avatar\/e4cce3e8d1738446568a62e48fcca2f81014d2f035dbec3a04b96a745ef1e017?s=96&d=mm&r=g","url":"https:\/\/secure.gravatar.com\/avatar\/e4cce3e8d1738446568a62e48fcca2f81014d2f035dbec3a04b96a745ef1e017?s=96&d=mm&r=g","contentUrl":"https:\/\/secure.gravatar.com\/avatar\/e4cce3e8d1738446568a62e48fcca2f81014d2f035dbec3a04b96a745ef1e017?s=96&d=mm&r=g","caption":"Admin"},"sameAs":["https:\/\/koratkamanews.com"],"url":"https:\/\/koratkamanews.com\/index.php\/author\/admin\/"}]}},"_links":{"self":[{"href":"https:\/\/koratkamanews.com\/index.php\/wp-json\/wp\/v2\/posts\/1172","targetHints":{"allow":["GET"]}}],"collection":[{"href":"https:\/\/koratkamanews.com\/index.php\/wp-json\/wp\/v2\/posts"}],"about":[{"href":"https:\/\/koratkamanews.com\/index.php\/wp-json\/wp\/v2\/types\/post"}],"author":[{"embeddable":true,"href":"https:\/\/koratkamanews.com\/index.php\/wp-json\/wp\/v2\/users\/1"}],"replies":[{"embeddable":true,"href":"https:\/\/koratkamanews.com\/index.php\/wp-json\/wp\/v2\/comments?post=1172"}],"version-history":[{"count":1,"href":"https:\/\/koratkamanews.com\/index.php\/wp-json\/wp\/v2\/posts\/1172\/revisions"}],"predecessor-version":[{"id":1174,"href":"https:\/\/koratkamanews.com\/index.php\/wp-json\/wp\/v2\/posts\/1172\/revisions\/1174"}],"wp:featuredmedia":[{"embeddable":true,"href":"https:\/\/koratkamanews.com\/index.php\/wp-json\/wp\/v2\/media\/1173"}],"wp:attachment":[{"href":"https:\/\/koratkamanews.com\/index.php\/wp-json\/wp\/v2\/media?parent=1172"}],"wp:term":[{"taxonomy":"category","embeddable":true,"href":"https:\/\/koratkamanews.com\/index.php\/wp-json\/wp\/v2\/categories?post=1172"},{"taxonomy":"post_tag","embeddable":true,"href":"https:\/\/koratkamanews.com\/index.php\/wp-json\/wp\/v2\/tags?post=1172"}],"curies":[{"name":"wp","href":"https:\/\/api.w.org\/{rel}","templated":true}]}}