{"id":1175,"date":"2026-04-30T12:32:55","date_gmt":"2026-04-30T12:32:55","guid":{"rendered":"https:\/\/koratkamanews.com\/?p=1175"},"modified":"2026-04-30T12:39:11","modified_gmt":"2026-04-30T12:39:11","slug":"reseaux-sociaux-le-rwanda-veut-serrer-la-vis-chez-les-jeunes","status":"publish","type":"post","link":"https:\/\/koratkamanews.com\/index.php\/2026\/04\/30\/reseaux-sociaux-le-rwanda-veut-serrer-la-vis-chez-les-jeunes\/","title":{"rendered":"R\u00e9seaux sociaux : le Rwanda veut serrer la vis chez les jeunes"},"content":{"rendered":"\n<p><strong>Alors que l\u2019exposition des enfants aux plateformes num\u00e9riques s\u2019intensifie, le Rwanda renforce sa strat\u00e9gie de protection en ligne. Le pays rejoint plusieurs \u00c9tats africains qui cherchent \u00e0 mieux r\u00e9guler l\u2019usage des r\u00e9seaux sociaux chez les mineurs face aux enjeux \u00e9ducatifs et sociaux.<\/strong><\/p>\n\n\n\n<p>Selon we Are Tech Africa, le gouvernement rwandais envisage de renforcer l\u2019encadrement de l\u2019usage des r\u00e9seaux sociaux par les mineurs. La ministre des TIC et de l\u2019Innovation, Paula Ingabire, a d\u00e9clar\u00e9 le mercredi 29 avril que la loi en pr\u00e9paration vise \u00e0 interdire l\u2019acc\u00e8s aux plateformes num\u00e9riques aux enfants de moins de 16 ans, dans un contexte de pr\u00e9occupations croissantes li\u00e9es aux contenus en ligne et \u00e0 leurs effets sur le d\u00e9veloppement des plus jeunes.<\/p>\n\n\n\n<p>La future r\u00e9glementation viserait \u00e0 emp\u00eacher les mineurs de cr\u00e9er des comptes ou d\u2019acc\u00e9der \u00e0 des contenus sur des r\u00e9seaux tels que Facebook, Instagram ou encore YouTube. La mise en \u0153uvre reposerait sur une collaboration entre les fournisseurs d\u2019acc\u00e8s \u00e0 Internet, les plateformes num\u00e9riques et les parents, avec en perspective l\u2019appui d\u2019un syst\u00e8me national d\u2019identification num\u00e9rique pour v\u00e9rifier l\u2019\u00e2ge des utilisateurs.<\/p>\n\n\n\n<p>Selon la ministre, cette d\u00e9marche repose sur des constats pr\u00e9cis. Une \u00e9tude nationale r\u00e9v\u00e8le que 46 % des \u00e9coliers acc\u00e8dent d\u00e9j\u00e0 aux services num\u00e9riques via des t\u00e9l\u00e9phones mobiles, souvent sans encadrement parental. Dans le m\u00eame temps, 30 \u00e0 35 % des \u00e9l\u00e8ves d\u00e9clarent \u00eatre confront\u00e9s \u00e0 des difficult\u00e9s li\u00e9es \u00e0 l\u2019usage des r\u00e9seaux sociaux, notamment des troubles de l\u2019attention ou des formes d\u2019anxi\u00e9t\u00e9 associ\u00e9es \u00e0 la consommation de contenus en ligne.<\/p>\n\n\n\n<p>Cette initiative ne constitue pas une mesure isol\u00e9e. Elle s\u2019appuie sur un cadre r\u00e9glementaire d\u00e9j\u00e0 existant, notamment la politique nationale de protection de l\u2019enfance en ligne adopt\u00e9e en 2025, qui pr\u00e9voit le renforcement de la surveillance des contenus num\u00e9riques et la collaboration avec les fournisseurs d\u2019acc\u00e8s et les plateformes pour limiter les contenus pr\u00e9judiciables. Le pays dispose par ailleurs d\u2019un arsenal juridique incluant des lois sur la cybers\u00e9curit\u00e9 et la protection des donn\u00e9es, avec des dispositions sp\u00e9cifiques pour les mineurs de moins de 16 ans.<\/p>\n\n\n\n<h3 class=\"wp-block-heading\">Une dynamique qui s\u2019acc\u00e9l\u00e8re en Afrique<\/h3>\n\n\n\n<p>Cette initiative s\u2019inscrit dans une tendance plus large observ\u00e9e sur le continent, o\u00f9 plusieurs \u00c9tats cherchent \u00e0 mieux r\u00e9guler l\u2019acc\u00e8s des mineurs aux plateformes num\u00e9riques. Au Gabon, les autorit\u00e9s ont r\u00e9cemment annonc\u00e9 l\u2019introduction d\u2019une r\u00e9glementation imposant un \u00e2ge minimum de 16 ans pour l\u2019acc\u00e8s aux r\u00e9seaux sociaux, accompagn\u00e9 de m\u00e9canismes d\u2019identification renforc\u00e9s. Le Zimbabwe \u00e9tudie \u00e9galement des restrictions similaires visant les moins de 18 ans, tandis que le Nigeria a lanc\u00e9 des consultations publiques en vue d\u2019introduire des limitations d\u2019\u00e2ge sur les plateformes.<\/p>\n\n\n\n<p>D\u2019autres pays, comme l\u2019\u00c9gypte, ont engag\u00e9 des r\u00e9flexions r\u00e9glementaires pour mieux prot\u00e9ger les enfants face \u00e0 la mont\u00e9e des contenus jug\u00e9s nocifs sur les r\u00e9seaux sociaux. Ces initiatives s\u2019inscrivent dans les efforts de coordination port\u00e9s notamment par l\u2019Union africaine pour renforcer la s\u00e9curit\u00e9 des enfants en ligne.<\/p>\n","protected":false},"excerpt":{"rendered":"<p>Alors que l\u2019exposition des enfants aux plateformes num\u00e9riques s\u2019intensifie, le Rwanda renforce sa strat\u00e9gie de protection en ligne. Le pays rejoint plusieurs \u00c9tats africains qui cherchent \u00e0 mieux r\u00e9guler l\u2019usage des r\u00e9seaux sociaux chez les mineurs face aux enjeux \u00e9ducatifs et sociaux. Selon we Are Tech Africa, le gouvernement rwandais envisage de renforcer l\u2019encadrement de [&hellip;]<\/p>\n","protected":false},"author":1,"featured_media":1176,"comment_status":"open","ping_status":"open","sticky":false,"template":"","format":"standard","meta":{"footnotes":""},"categories":[9,35,38,3],"tags":[],"class_list":["post-1175","post","type-post","status-publish","format-standard","has-post-thumbnail","hentry","category-actualite","category-afrique","category-education","category-societe"],"yoast_head":"<!-- This site is optimized with the Yoast SEO plugin v27.5 - https:\/\/yoast.com\/product\/yoast-seo-wordpress\/ -->\n<title>R\u00e9seaux sociaux : le Rwanda veut serrer la vis chez les jeunes - korat kama news<\/title>\n<meta name=\"robots\" content=\"index, follow, max-snippet:-1, max-image-preview:large, max-video-preview:-1\" \/>\n<link rel=\"canonical\" href=\"https:\/\/koratkamanews.com\/index.php\/2026\/04\/30\/reseaux-sociaux-le-rwanda-veut-serrer-la-vis-chez-les-jeunes\/\" \/>\n<meta property=\"og:locale\" content=\"fr_FR\" \/>\n<meta property=\"og:type\" content=\"article\" \/>\n<meta property=\"og:title\" content=\"R\u00e9seaux sociaux : le Rwanda veut serrer la vis chez les jeunes - korat kama news\" \/>\n<meta property=\"og:description\" content=\"Alors que l\u2019exposition des enfants aux plateformes num\u00e9riques s\u2019intensifie, le Rwanda renforce sa strat\u00e9gie de protection en ligne. Le pays rejoint plusieurs \u00c9tats africains qui cherchent \u00e0 mieux r\u00e9guler l\u2019usage des r\u00e9seaux sociaux chez les mineurs face aux enjeux \u00e9ducatifs et sociaux. Selon we Are Tech Africa, le gouvernement rwandais envisage de renforcer l\u2019encadrement de [&hellip;]\" \/>\n<meta property=\"og:url\" content=\"https:\/\/koratkamanews.com\/index.php\/2026\/04\/30\/reseaux-sociaux-le-rwanda-veut-serrer-la-vis-chez-les-jeunes\/\" \/>\n<meta property=\"og:site_name\" content=\"korat kama news\" \/>\n<meta property=\"article:publisher\" content=\"https:\/\/www.facebook.com\/share\/16BKVBAYTG\/?mibextid=wwXIfr\" \/>\n<meta property=\"article:published_time\" content=\"2026-04-30T12:32:55+00:00\" \/>\n<meta property=\"article:modified_time\" content=\"2026-04-30T12:39:11+00:00\" \/>\n<meta property=\"og:image\" content=\"https:\/\/koratkamanews.com\/wp-content\/uploads\/2026\/04\/african-kids-using-mobile-phones-600nw-1926334316.webp\" \/>\n\t<meta property=\"og:image:width\" content=\"600\" \/>\n\t<meta property=\"og:image:height\" content=\"400\" \/>\n\t<meta property=\"og:image:type\" content=\"image\/webp\" \/>\n<meta name=\"author\" content=\"Admin\" \/>\n<meta name=\"twitter:card\" content=\"summary_large_image\" \/>\n<meta name=\"twitter:label1\" content=\"\u00c9crit par\" \/>\n\t<meta name=\"twitter:data1\" content=\"Admin\" \/>\n\t<meta name=\"twitter:label2\" content=\"Dur\u00e9e de lecture estim\u00e9e\" \/>\n\t<meta name=\"twitter:data2\" content=\"3 minutes\" \/>\n<script type=\"application\/ld+json\" class=\"yoast-schema-graph\">{\"@context\":\"https:\\\/\\\/schema.org\",\"@graph\":[{\"@type\":\"Article\",\"@id\":\"https:\\\/\\\/koratkamanews.com\\\/index.php\\\/2026\\\/04\\\/30\\\/reseaux-sociaux-le-rwanda-veut-serrer-la-vis-chez-les-jeunes\\\/#article\",\"isPartOf\":{\"@id\":\"https:\\\/\\\/koratkamanews.com\\\/index.php\\\/2026\\\/04\\\/30\\\/reseaux-sociaux-le-rwanda-veut-serrer-la-vis-chez-les-jeunes\\\/\"},\"author\":{\"name\":\"Admin\",\"@id\":\"https:\\\/\\\/koratkamanews.com\\\/#\\\/schema\\\/person\\\/10c053630af6f3cb4a9e31ac649036c9\"},\"headline\":\"R\u00e9seaux sociaux : le Rwanda veut serrer la vis chez les jeunes\",\"datePublished\":\"2026-04-30T12:32:55+00:00\",\"dateModified\":\"2026-04-30T12:39:11+00:00\",\"mainEntityOfPage\":{\"@id\":\"https:\\\/\\\/koratkamanews.com\\\/index.php\\\/2026\\\/04\\\/30\\\/reseaux-sociaux-le-rwanda-veut-serrer-la-vis-chez-les-jeunes\\\/\"},\"wordCount\":564,\"commentCount\":1,\"publisher\":{\"@id\":\"https:\\\/\\\/koratkamanews.com\\\/#organization\"},\"image\":{\"@id\":\"https:\\\/\\\/koratkamanews.com\\\/index.php\\\/2026\\\/04\\\/30\\\/reseaux-sociaux-le-rwanda-veut-serrer-la-vis-chez-les-jeunes\\\/#primaryimage\"},\"thumbnailUrl\":\"https:\\\/\\\/koratkamanews.com\\\/wp-content\\\/uploads\\\/2026\\\/04\\\/african-kids-using-mobile-phones-600nw-1926334316.webp\",\"articleSection\":[\"Actualit\u00e9\",\"Afrique\",\"Education\",\"Soci\u00e9t\u00e9\"],\"inLanguage\":\"fr-FR\",\"potentialAction\":[{\"@type\":\"CommentAction\",\"name\":\"Comment\",\"target\":[\"https:\\\/\\\/koratkamanews.com\\\/index.php\\\/2026\\\/04\\\/30\\\/reseaux-sociaux-le-rwanda-veut-serrer-la-vis-chez-les-jeunes\\\/#respond\"]}]},{\"@type\":\"WebPage\",\"@id\":\"https:\\\/\\\/koratkamanews.com\\\/index.php\\\/2026\\\/04\\\/30\\\/reseaux-sociaux-le-rwanda-veut-serrer-la-vis-chez-les-jeunes\\\/\",\"url\":\"https:\\\/\\\/koratkamanews.com\\\/index.php\\\/2026\\\/04\\\/30\\\/reseaux-sociaux-le-rwanda-veut-serrer-la-vis-chez-les-jeunes\\\/\",\"name\":\"R\u00e9seaux sociaux : le Rwanda veut serrer la vis chez les jeunes - korat kama news\",\"isPartOf\":{\"@id\":\"https:\\\/\\\/koratkamanews.com\\\/#website\"},\"primaryImageOfPage\":{\"@id\":\"https:\\\/\\\/koratkamanews.com\\\/index.php\\\/2026\\\/04\\\/30\\\/reseaux-sociaux-le-rwanda-veut-serrer-la-vis-chez-les-jeunes\\\/#primaryimage\"},\"image\":{\"@id\":\"https:\\\/\\\/koratkamanews.com\\\/index.php\\\/2026\\\/04\\\/30\\\/reseaux-sociaux-le-rwanda-veut-serrer-la-vis-chez-les-jeunes\\\/#primaryimage\"},\"thumbnailUrl\":\"https:\\\/\\\/koratkamanews.com\\\/wp-content\\\/uploads\\\/2026\\\/04\\\/african-kids-using-mobile-phones-600nw-1926334316.webp\",\"datePublished\":\"2026-04-30T12:32:55+00:00\",\"dateModified\":\"2026-04-30T12:39:11+00:00\",\"breadcrumb\":{\"@id\":\"https:\\\/\\\/koratkamanews.com\\\/index.php\\\/2026\\\/04\\\/30\\\/reseaux-sociaux-le-rwanda-veut-serrer-la-vis-chez-les-jeunes\\\/#breadcrumb\"},\"inLanguage\":\"fr-FR\",\"potentialAction\":[{\"@type\":\"ReadAction\",\"target\":[\"https:\\\/\\\/koratkamanews.com\\\/index.php\\\/2026\\\/04\\\/30\\\/reseaux-sociaux-le-rwanda-veut-serrer-la-vis-chez-les-jeunes\\\/\"]}]},{\"@type\":\"ImageObject\",\"inLanguage\":\"fr-FR\",\"@id\":\"https:\\\/\\\/koratkamanews.com\\\/index.php\\\/2026\\\/04\\\/30\\\/reseaux-sociaux-le-rwanda-veut-serrer-la-vis-chez-les-jeunes\\\/#primaryimage\",\"url\":\"https:\\\/\\\/koratkamanews.com\\\/wp-content\\\/uploads\\\/2026\\\/04\\\/african-kids-using-mobile-phones-600nw-1926334316.webp\",\"contentUrl\":\"https:\\\/\\\/koratkamanews.com\\\/wp-content\\\/uploads\\\/2026\\\/04\\\/african-kids-using-mobile-phones-600nw-1926334316.webp\",\"width\":600,\"height\":400},{\"@type\":\"BreadcrumbList\",\"@id\":\"https:\\\/\\\/koratkamanews.com\\\/index.php\\\/2026\\\/04\\\/30\\\/reseaux-sociaux-le-rwanda-veut-serrer-la-vis-chez-les-jeunes\\\/#breadcrumb\",\"itemListElement\":[{\"@type\":\"ListItem\",\"position\":1,\"name\":\"Accueil\",\"item\":\"https:\\\/\\\/koratkamanews.com\\\/\"},{\"@type\":\"ListItem\",\"position\":2,\"name\":\"R\u00e9seaux sociaux : le Rwanda veut serrer la vis chez les jeunes\"}]},{\"@type\":\"WebSite\",\"@id\":\"https:\\\/\\\/koratkamanews.com\\\/#website\",\"url\":\"https:\\\/\\\/koratkamanews.com\\\/\",\"name\":\"korat kama news\",\"description\":\"\",\"publisher\":{\"@id\":\"https:\\\/\\\/koratkamanews.com\\\/#organization\"},\"potentialAction\":[{\"@type\":\"SearchAction\",\"target\":{\"@type\":\"EntryPoint\",\"urlTemplate\":\"https:\\\/\\\/koratkamanews.com\\\/?s={search_term_string}\"},\"query-input\":{\"@type\":\"PropertyValueSpecification\",\"valueRequired\":true,\"valueName\":\"search_term_string\"}}],\"inLanguage\":\"fr-FR\"},{\"@type\":\"Organization\",\"@id\":\"https:\\\/\\\/koratkamanews.com\\\/#organization\",\"name\":\"korat kama news\",\"url\":\"https:\\\/\\\/koratkamanews.com\\\/\",\"logo\":{\"@type\":\"ImageObject\",\"inLanguage\":\"fr-FR\",\"@id\":\"https:\\\/\\\/koratkamanews.com\\\/#\\\/schema\\\/logo\\\/image\\\/\",\"url\":\"https:\\\/\\\/koratkamanews.com\\\/wp-content\\\/uploads\\\/2025\\\/03\\\/cropped-2KTV-png-2.png\",\"contentUrl\":\"https:\\\/\\\/koratkamanews.com\\\/wp-content\\\/uploads\\\/2025\\\/03\\\/cropped-2KTV-png-2.png\",\"width\":1661,\"height\":1020,\"caption\":\"korat kama news\"},\"image\":{\"@id\":\"https:\\\/\\\/koratkamanews.com\\\/#\\\/schema\\\/logo\\\/image\\\/\"},\"sameAs\":[\"https:\\\/\\\/www.facebook.com\\\/share\\\/16BKVBAYTG\\\/?mibextid=wwXIfr\",\"https:\\\/\\\/www.tiktok.com\\\/@korat_kama_tv?_t=ZM-8ulPJRRi4Wt&_r=1\",\"https:\\\/\\\/www.instagram.com\\\/koratkama?igsh=MTQwNmFtdWUyNml2OQ&utm_source=qr\"]},{\"@type\":\"Person\",\"@id\":\"https:\\\/\\\/koratkamanews.com\\\/#\\\/schema\\\/person\\\/10c053630af6f3cb4a9e31ac649036c9\",\"name\":\"Admin\",\"image\":{\"@type\":\"ImageObject\",\"inLanguage\":\"fr-FR\",\"@id\":\"https:\\\/\\\/secure.gravatar.com\\\/avatar\\\/e4cce3e8d1738446568a62e48fcca2f81014d2f035dbec3a04b96a745ef1e017?s=96&d=mm&r=g\",\"url\":\"https:\\\/\\\/secure.gravatar.com\\\/avatar\\\/e4cce3e8d1738446568a62e48fcca2f81014d2f035dbec3a04b96a745ef1e017?s=96&d=mm&r=g\",\"contentUrl\":\"https:\\\/\\\/secure.gravatar.com\\\/avatar\\\/e4cce3e8d1738446568a62e48fcca2f81014d2f035dbec3a04b96a745ef1e017?s=96&d=mm&r=g\",\"caption\":\"Admin\"},\"sameAs\":[\"https:\\\/\\\/koratkamanews.com\"],\"url\":\"https:\\\/\\\/koratkamanews.com\\\/index.php\\\/author\\\/admin\\\/\"}]}<\/script>\n<!-- \/ Yoast SEO plugin. -->","yoast_head_json":{"title":"R\u00e9seaux sociaux : le Rwanda veut serrer la vis chez les jeunes - korat kama news","robots":{"index":"index","follow":"follow","max-snippet":"max-snippet:-1","max-image-preview":"max-image-preview:large","max-video-preview":"max-video-preview:-1"},"canonical":"https:\/\/koratkamanews.com\/index.php\/2026\/04\/30\/reseaux-sociaux-le-rwanda-veut-serrer-la-vis-chez-les-jeunes\/","og_locale":"fr_FR","og_type":"article","og_title":"R\u00e9seaux sociaux : le Rwanda veut serrer la vis chez les jeunes - korat kama news","og_description":"Alors que l\u2019exposition des enfants aux plateformes num\u00e9riques s\u2019intensifie, le Rwanda renforce sa strat\u00e9gie de protection en ligne. Le pays rejoint plusieurs \u00c9tats africains qui cherchent \u00e0 mieux r\u00e9guler l\u2019usage des r\u00e9seaux sociaux chez les mineurs face aux enjeux \u00e9ducatifs et sociaux. Selon we Are Tech Africa, le gouvernement rwandais envisage de renforcer l\u2019encadrement de [&hellip;]","og_url":"https:\/\/koratkamanews.com\/index.php\/2026\/04\/30\/reseaux-sociaux-le-rwanda-veut-serrer-la-vis-chez-les-jeunes\/","og_site_name":"korat kama news","article_publisher":"https:\/\/www.facebook.com\/share\/16BKVBAYTG\/?mibextid=wwXIfr","article_published_time":"2026-04-30T12:32:55+00:00","article_modified_time":"2026-04-30T12:39:11+00:00","og_image":[{"width":600,"height":400,"url":"https:\/\/koratkamanews.com\/wp-content\/uploads\/2026\/04\/african-kids-using-mobile-phones-600nw-1926334316.webp","type":"image\/webp"}],"author":"Admin","twitter_card":"summary_large_image","twitter_misc":{"\u00c9crit par":"Admin","Dur\u00e9e de lecture estim\u00e9e":"3 minutes"},"schema":{"@context":"https:\/\/schema.org","@graph":[{"@type":"Article","@id":"https:\/\/koratkamanews.com\/index.php\/2026\/04\/30\/reseaux-sociaux-le-rwanda-veut-serrer-la-vis-chez-les-jeunes\/#article","isPartOf":{"@id":"https:\/\/koratkamanews.com\/index.php\/2026\/04\/30\/reseaux-sociaux-le-rwanda-veut-serrer-la-vis-chez-les-jeunes\/"},"author":{"name":"Admin","@id":"https:\/\/koratkamanews.com\/#\/schema\/person\/10c053630af6f3cb4a9e31ac649036c9"},"headline":"R\u00e9seaux sociaux : le Rwanda veut serrer la vis chez les jeunes","datePublished":"2026-04-30T12:32:55+00:00","dateModified":"2026-04-30T12:39:11+00:00","mainEntityOfPage":{"@id":"https:\/\/koratkamanews.com\/index.php\/2026\/04\/30\/reseaux-sociaux-le-rwanda-veut-serrer-la-vis-chez-les-jeunes\/"},"wordCount":564,"commentCount":1,"publisher":{"@id":"https:\/\/koratkamanews.com\/#organization"},"image":{"@id":"https:\/\/koratkamanews.com\/index.php\/2026\/04\/30\/reseaux-sociaux-le-rwanda-veut-serrer-la-vis-chez-les-jeunes\/#primaryimage"},"thumbnailUrl":"https:\/\/koratkamanews.com\/wp-content\/uploads\/2026\/04\/african-kids-using-mobile-phones-600nw-1926334316.webp","articleSection":["Actualit\u00e9","Afrique","Education","Soci\u00e9t\u00e9"],"inLanguage":"fr-FR","potentialAction":[{"@type":"CommentAction","name":"Comment","target":["https:\/\/koratkamanews.com\/index.php\/2026\/04\/30\/reseaux-sociaux-le-rwanda-veut-serrer-la-vis-chez-les-jeunes\/#respond"]}]},{"@type":"WebPage","@id":"https:\/\/koratkamanews.com\/index.php\/2026\/04\/30\/reseaux-sociaux-le-rwanda-veut-serrer-la-vis-chez-les-jeunes\/","url":"https:\/\/koratkamanews.com\/index.php\/2026\/04\/30\/reseaux-sociaux-le-rwanda-veut-serrer-la-vis-chez-les-jeunes\/","name":"R\u00e9seaux sociaux : le Rwanda veut serrer la vis chez les jeunes - korat kama news","isPartOf":{"@id":"https:\/\/koratkamanews.com\/#website"},"primaryImageOfPage":{"@id":"https:\/\/koratkamanews.com\/index.php\/2026\/04\/30\/reseaux-sociaux-le-rwanda-veut-serrer-la-vis-chez-les-jeunes\/#primaryimage"},"image":{"@id":"https:\/\/koratkamanews.com\/index.php\/2026\/04\/30\/reseaux-sociaux-le-rwanda-veut-serrer-la-vis-chez-les-jeunes\/#primaryimage"},"thumbnailUrl":"https:\/\/koratkamanews.com\/wp-content\/uploads\/2026\/04\/african-kids-using-mobile-phones-600nw-1926334316.webp","datePublished":"2026-04-30T12:32:55+00:00","dateModified":"2026-04-30T12:39:11+00:00","breadcrumb":{"@id":"https:\/\/koratkamanews.com\/index.php\/2026\/04\/30\/reseaux-sociaux-le-rwanda-veut-serrer-la-vis-chez-les-jeunes\/#breadcrumb"},"inLanguage":"fr-FR","potentialAction":[{"@type":"ReadAction","target":["https:\/\/koratkamanews.com\/index.php\/2026\/04\/30\/reseaux-sociaux-le-rwanda-veut-serrer-la-vis-chez-les-jeunes\/"]}]},{"@type":"ImageObject","inLanguage":"fr-FR","@id":"https:\/\/koratkamanews.com\/index.php\/2026\/04\/30\/reseaux-sociaux-le-rwanda-veut-serrer-la-vis-chez-les-jeunes\/#primaryimage","url":"https:\/\/koratkamanews.com\/wp-content\/uploads\/2026\/04\/african-kids-using-mobile-phones-600nw-1926334316.webp","contentUrl":"https:\/\/koratkamanews.com\/wp-content\/uploads\/2026\/04\/african-kids-using-mobile-phones-600nw-1926334316.webp","width":600,"height":400},{"@type":"BreadcrumbList","@id":"https:\/\/koratkamanews.com\/index.php\/2026\/04\/30\/reseaux-sociaux-le-rwanda-veut-serrer-la-vis-chez-les-jeunes\/#breadcrumb","itemListElement":[{"@type":"ListItem","position":1,"name":"Accueil","item":"https:\/\/koratkamanews.com\/"},{"@type":"ListItem","position":2,"name":"R\u00e9seaux sociaux : le Rwanda veut serrer la vis chez les jeunes"}]},{"@type":"WebSite","@id":"https:\/\/koratkamanews.com\/#website","url":"https:\/\/koratkamanews.com\/","name":"korat kama news","description":"","publisher":{"@id":"https:\/\/koratkamanews.com\/#organization"},"potentialAction":[{"@type":"SearchAction","target":{"@type":"EntryPoint","urlTemplate":"https:\/\/koratkamanews.com\/?s={search_term_string}"},"query-input":{"@type":"PropertyValueSpecification","valueRequired":true,"valueName":"search_term_string"}}],"inLanguage":"fr-FR"},{"@type":"Organization","@id":"https:\/\/koratkamanews.com\/#organization","name":"korat kama news","url":"https:\/\/koratkamanews.com\/","logo":{"@type":"ImageObject","inLanguage":"fr-FR","@id":"https:\/\/koratkamanews.com\/#\/schema\/logo\/image\/","url":"https:\/\/koratkamanews.com\/wp-content\/uploads\/2025\/03\/cropped-2KTV-png-2.png","contentUrl":"https:\/\/koratkamanews.com\/wp-content\/uploads\/2025\/03\/cropped-2KTV-png-2.png","width":1661,"height":1020,"caption":"korat kama news"},"image":{"@id":"https:\/\/koratkamanews.com\/#\/schema\/logo\/image\/"},"sameAs":["https:\/\/www.facebook.com\/share\/16BKVBAYTG\/?mibextid=wwXIfr","https:\/\/www.tiktok.com\/@korat_kama_tv?_t=ZM-8ulPJRRi4Wt&_r=1","https:\/\/www.instagram.com\/koratkama?igsh=MTQwNmFtdWUyNml2OQ&utm_source=qr"]},{"@type":"Person","@id":"https:\/\/koratkamanews.com\/#\/schema\/person\/10c053630af6f3cb4a9e31ac649036c9","name":"Admin","image":{"@type":"ImageObject","inLanguage":"fr-FR","@id":"https:\/\/secure.gravatar.com\/avatar\/e4cce3e8d1738446568a62e48fcca2f81014d2f035dbec3a04b96a745ef1e017?s=96&d=mm&r=g","url":"https:\/\/secure.gravatar.com\/avatar\/e4cce3e8d1738446568a62e48fcca2f81014d2f035dbec3a04b96a745ef1e017?s=96&d=mm&r=g","contentUrl":"https:\/\/secure.gravatar.com\/avatar\/e4cce3e8d1738446568a62e48fcca2f81014d2f035dbec3a04b96a745ef1e017?s=96&d=mm&r=g","caption":"Admin"},"sameAs":["https:\/\/koratkamanews.com"],"url":"https:\/\/koratkamanews.com\/index.php\/author\/admin\/"}]}},"_links":{"self":[{"href":"https:\/\/koratkamanews.com\/index.php\/wp-json\/wp\/v2\/posts\/1175","targetHints":{"allow":["GET"]}}],"collection":[{"href":"https:\/\/koratkamanews.com\/index.php\/wp-json\/wp\/v2\/posts"}],"about":[{"href":"https:\/\/koratkamanews.com\/index.php\/wp-json\/wp\/v2\/types\/post"}],"author":[{"embeddable":true,"href":"https:\/\/koratkamanews.com\/index.php\/wp-json\/wp\/v2\/users\/1"}],"replies":[{"embeddable":true,"href":"https:\/\/koratkamanews.com\/index.php\/wp-json\/wp\/v2\/comments?post=1175"}],"version-history":[{"count":1,"href":"https:\/\/koratkamanews.com\/index.php\/wp-json\/wp\/v2\/posts\/1175\/revisions"}],"predecessor-version":[{"id":1177,"href":"https:\/\/koratkamanews.com\/index.php\/wp-json\/wp\/v2\/posts\/1175\/revisions\/1177"}],"wp:featuredmedia":[{"embeddable":true,"href":"https:\/\/koratkamanews.com\/index.php\/wp-json\/wp\/v2\/media\/1176"}],"wp:attachment":[{"href":"https:\/\/koratkamanews.com\/index.php\/wp-json\/wp\/v2\/media?parent=1175"}],"wp:term":[{"taxonomy":"category","embeddable":true,"href":"https:\/\/koratkamanews.com\/index.php\/wp-json\/wp\/v2\/categories?post=1175"},{"taxonomy":"post_tag","embeddable":true,"href":"https:\/\/koratkamanews.com\/index.php\/wp-json\/wp\/v2\/tags?post=1175"}],"curies":[{"name":"wp","href":"https:\/\/api.w.org\/{rel}","templated":true}]}}