{"id":888,"date":"2026-03-08T21:36:57","date_gmt":"2026-03-08T21:36:57","guid":{"rendered":"https:\/\/koratkamanews.com\/?p=888"},"modified":"2026-03-08T21:36:58","modified_gmt":"2026-03-08T21:36:58","slug":"qui-controle-le-recit-sur-lafrique-medias-propagande-et-guerre-de-linformation","status":"publish","type":"post","link":"https:\/\/koratkamanews.com\/index.php\/2026\/03\/08\/qui-controle-le-recit-sur-lafrique-medias-propagande-et-guerre-de-linformation\/","title":{"rendered":"Qui contr\u00f4le le r\u00e9cit sur l\u2019Afrique ? M\u00e9dias, propagande et guerre de l\u2019information"},"content":{"rendered":"\n<p><\/p>\n\n\n\n<figure class=\"wp-block-embed is-type-video is-provider-youtube wp-block-embed-youtube wp-embed-aspect-16-9 wp-has-aspect-ratio\"><div class=\"wp-block-embed__wrapper\">\n<iframe title=\"Qui contr\u00f4le le r\u00e9cit sur l\u2019Afrique ? M\u00e9dias, propagande et guerre de l\u2019information\" width=\"640\" height=\"360\" src=\"https:\/\/www.youtube.com\/embed\/1v4W8FDDMeM?feature=oembed\" frameborder=\"0\" allow=\"accelerometer; autoplay; clipboard-write; encrypted-media; gyroscope; picture-in-picture; web-share\" referrerpolicy=\"strict-origin-when-cross-origin\" allowfullscreen><\/iframe>\n<\/div><\/figure>\n\n\n\n<p>Aujourd\u2019hui, la bataille pour l\u2019Afrique ne se joue pas seulement sur les terrains \u00e9conomiques ou militaires\u2026 elle se joue aussi dans les esprits.Depuis des d\u00e9cennies, les grandes puissances fa\u00e7onnent l\u2019image du continent \u00e0 travers leurs m\u00e9dias, leurs narratifs et leurs strat\u00e9gies d\u2019influence. Mais \u00e0 qui profite cette repr\u00e9sentation ? Et surtout, pourquoi l\u2019Afrique peine-t-elle encore \u00e0 contr\u00f4ler sa propre histoire ?<\/p>\n\n\n\n<p>Dans cet \u00e9pisode, nous analysons le r\u00f4le des grands groupes m\u00e9diatiques internationaux comme BBC, CNN ou encore France 24 dans la construction de l\u2019opinion mondiale sur l\u2019Afrique.Propagande, soft power, manipulation de l\u2019information, guerre narrative\u2026 autant d\u2019outils qui influencent les perceptions, les d\u00e9cisions politiques et les rapports de force.<\/p>\n\n\n\n<p>La jeunesse africaine est-elle consciente de ces enjeux ?<\/p>\n\n\n\n<p>L\u2019Afrique peut-elle cr\u00e9er ses propres m\u00e9dias puissants ?<\/p>\n\n\n\n<p>Qui gagne la guerre de l\u2019information aujourd\u2019hui ?<\/p>\n\n\n\n<p>Regardez, analysez, d\u00e9battez\u2026 et surtout, reprenons le contr\u00f4le de notre r\u00e9cit.<\/p>\n","protected":false},"excerpt":{"rendered":"<p>Aujourd\u2019hui, la bataille pour l\u2019Afrique ne se joue pas seulement sur les terrains \u00e9conomiques ou militaires\u2026 elle se joue aussi dans les esprits.Depuis des d\u00e9cennies, les grandes puissances fa\u00e7onnent l\u2019image du continent \u00e0 travers leurs m\u00e9dias, leurs narratifs et leurs strat\u00e9gies d\u2019influence. Mais \u00e0 qui profite cette repr\u00e9sentation ? Et surtout, pourquoi l\u2019Afrique peine-t-elle encore [&hellip;]<\/p>\n","protected":false},"author":1,"featured_media":889,"comment_status":"open","ping_status":"open","sticky":false,"template":"","format":"standard","meta":{"footnotes":""},"categories":[35,2,4,10],"tags":[],"class_list":["post-888","post","type-post","status-publish","format-standard","has-post-thumbnail","hentry","category-afrique","category-chronique","category-international","category-video"],"yoast_head":"<!-- This site is optimized with the Yoast SEO plugin v27.4 - https:\/\/yoast.com\/product\/yoast-seo-wordpress\/ -->\n<title>Qui contr\u00f4le le r\u00e9cit sur l\u2019Afrique ? M\u00e9dias, propagande et guerre de l\u2019information - korat kama news<\/title>\n<meta name=\"robots\" content=\"index, follow, max-snippet:-1, max-image-preview:large, max-video-preview:-1\" \/>\n<link rel=\"canonical\" href=\"https:\/\/koratkamanews.com\/index.php\/2026\/03\/08\/qui-controle-le-recit-sur-lafrique-medias-propagande-et-guerre-de-linformation\/\" \/>\n<meta property=\"og:locale\" content=\"fr_FR\" \/>\n<meta property=\"og:type\" content=\"article\" \/>\n<meta property=\"og:title\" content=\"Qui contr\u00f4le le r\u00e9cit sur l\u2019Afrique ? M\u00e9dias, propagande et guerre de l\u2019information - korat kama news\" \/>\n<meta property=\"og:description\" content=\"Aujourd\u2019hui, la bataille pour l\u2019Afrique ne se joue pas seulement sur les terrains \u00e9conomiques ou militaires\u2026 elle se joue aussi dans les esprits.Depuis des d\u00e9cennies, les grandes puissances fa\u00e7onnent l\u2019image du continent \u00e0 travers leurs m\u00e9dias, leurs narratifs et leurs strat\u00e9gies d\u2019influence. Mais \u00e0 qui profite cette repr\u00e9sentation ? Et surtout, pourquoi l\u2019Afrique peine-t-elle encore [&hellip;]\" \/>\n<meta property=\"og:url\" content=\"https:\/\/koratkamanews.com\/index.php\/2026\/03\/08\/qui-controle-le-recit-sur-lafrique-medias-propagande-et-guerre-de-linformation\/\" \/>\n<meta property=\"og:site_name\" content=\"korat kama news\" \/>\n<meta property=\"article:publisher\" content=\"https:\/\/www.facebook.com\/share\/16BKVBAYTG\/?mibextid=wwXIfr\" \/>\n<meta property=\"article:published_time\" content=\"2026-03-08T21:36:57+00:00\" \/>\n<meta property=\"article:modified_time\" content=\"2026-03-08T21:36:58+00:00\" \/>\n<meta property=\"og:image\" content=\"https:\/\/koratkamanews.com\/wp-content\/uploads\/2026\/03\/IMG_5786-1024x576.jpeg\" \/>\n\t<meta property=\"og:image:width\" content=\"1024\" \/>\n\t<meta property=\"og:image:height\" content=\"576\" \/>\n\t<meta property=\"og:image:type\" content=\"image\/jpeg\" \/>\n<meta name=\"author\" content=\"Admin\" \/>\n<meta name=\"twitter:card\" content=\"summary_large_image\" \/>\n<meta name=\"twitter:label1\" content=\"\u00c9crit par\" \/>\n\t<meta name=\"twitter:data1\" content=\"Admin\" \/>\n\t<meta name=\"twitter:label2\" content=\"Dur\u00e9e de lecture estim\u00e9e\" \/>\n\t<meta name=\"twitter:data2\" content=\"1 minute\" \/>\n<script type=\"application\/ld+json\" class=\"yoast-schema-graph\">{\"@context\":\"https:\\\/\\\/schema.org\",\"@graph\":[{\"@type\":\"Article\",\"@id\":\"https:\\\/\\\/koratkamanews.com\\\/index.php\\\/2026\\\/03\\\/08\\\/qui-controle-le-recit-sur-lafrique-medias-propagande-et-guerre-de-linformation\\\/#article\",\"isPartOf\":{\"@id\":\"https:\\\/\\\/koratkamanews.com\\\/index.php\\\/2026\\\/03\\\/08\\\/qui-controle-le-recit-sur-lafrique-medias-propagande-et-guerre-de-linformation\\\/\"},\"author\":{\"name\":\"Admin\",\"@id\":\"https:\\\/\\\/koratkamanews.com\\\/#\\\/schema\\\/person\\\/10c053630af6f3cb4a9e31ac649036c9\"},\"headline\":\"Qui contr\u00f4le le r\u00e9cit sur l\u2019Afrique ? M\u00e9dias, propagande et guerre de l\u2019information\",\"datePublished\":\"2026-03-08T21:36:57+00:00\",\"dateModified\":\"2026-03-08T21:36:58+00:00\",\"mainEntityOfPage\":{\"@id\":\"https:\\\/\\\/koratkamanews.com\\\/index.php\\\/2026\\\/03\\\/08\\\/qui-controle-le-recit-sur-lafrique-medias-propagande-et-guerre-de-linformation\\\/\"},\"wordCount\":187,\"commentCount\":0,\"publisher\":{\"@id\":\"https:\\\/\\\/koratkamanews.com\\\/#organization\"},\"image\":{\"@id\":\"https:\\\/\\\/koratkamanews.com\\\/index.php\\\/2026\\\/03\\\/08\\\/qui-controle-le-recit-sur-lafrique-medias-propagande-et-guerre-de-linformation\\\/#primaryimage\"},\"thumbnailUrl\":\"https:\\\/\\\/koratkamanews.com\\\/wp-content\\\/uploads\\\/2026\\\/03\\\/IMG_5786.jpeg\",\"articleSection\":[\"Afrique\",\"Chronique\",\"International\",\"video\"],\"inLanguage\":\"fr-FR\",\"potentialAction\":[{\"@type\":\"CommentAction\",\"name\":\"Comment\",\"target\":[\"https:\\\/\\\/koratkamanews.com\\\/index.php\\\/2026\\\/03\\\/08\\\/qui-controle-le-recit-sur-lafrique-medias-propagande-et-guerre-de-linformation\\\/#respond\"]}]},{\"@type\":\"WebPage\",\"@id\":\"https:\\\/\\\/koratkamanews.com\\\/index.php\\\/2026\\\/03\\\/08\\\/qui-controle-le-recit-sur-lafrique-medias-propagande-et-guerre-de-linformation\\\/\",\"url\":\"https:\\\/\\\/koratkamanews.com\\\/index.php\\\/2026\\\/03\\\/08\\\/qui-controle-le-recit-sur-lafrique-medias-propagande-et-guerre-de-linformation\\\/\",\"name\":\"Qui contr\u00f4le le r\u00e9cit sur l\u2019Afrique ? M\u00e9dias, propagande et guerre de l\u2019information - korat kama news\",\"isPartOf\":{\"@id\":\"https:\\\/\\\/koratkamanews.com\\\/#website\"},\"primaryImageOfPage\":{\"@id\":\"https:\\\/\\\/koratkamanews.com\\\/index.php\\\/2026\\\/03\\\/08\\\/qui-controle-le-recit-sur-lafrique-medias-propagande-et-guerre-de-linformation\\\/#primaryimage\"},\"image\":{\"@id\":\"https:\\\/\\\/koratkamanews.com\\\/index.php\\\/2026\\\/03\\\/08\\\/qui-controle-le-recit-sur-lafrique-medias-propagande-et-guerre-de-linformation\\\/#primaryimage\"},\"thumbnailUrl\":\"https:\\\/\\\/koratkamanews.com\\\/wp-content\\\/uploads\\\/2026\\\/03\\\/IMG_5786.jpeg\",\"datePublished\":\"2026-03-08T21:36:57+00:00\",\"dateModified\":\"2026-03-08T21:36:58+00:00\",\"breadcrumb\":{\"@id\":\"https:\\\/\\\/koratkamanews.com\\\/index.php\\\/2026\\\/03\\\/08\\\/qui-controle-le-recit-sur-lafrique-medias-propagande-et-guerre-de-linformation\\\/#breadcrumb\"},\"inLanguage\":\"fr-FR\",\"potentialAction\":[{\"@type\":\"ReadAction\",\"target\":[\"https:\\\/\\\/koratkamanews.com\\\/index.php\\\/2026\\\/03\\\/08\\\/qui-controle-le-recit-sur-lafrique-medias-propagande-et-guerre-de-linformation\\\/\"]}]},{\"@type\":\"ImageObject\",\"inLanguage\":\"fr-FR\",\"@id\":\"https:\\\/\\\/koratkamanews.com\\\/index.php\\\/2026\\\/03\\\/08\\\/qui-controle-le-recit-sur-lafrique-medias-propagande-et-guerre-de-linformation\\\/#primaryimage\",\"url\":\"https:\\\/\\\/koratkamanews.com\\\/wp-content\\\/uploads\\\/2026\\\/03\\\/IMG_5786.jpeg\",\"contentUrl\":\"https:\\\/\\\/koratkamanews.com\\\/wp-content\\\/uploads\\\/2026\\\/03\\\/IMG_5786.jpeg\",\"width\":2560,\"height\":1440},{\"@type\":\"BreadcrumbList\",\"@id\":\"https:\\\/\\\/koratkamanews.com\\\/index.php\\\/2026\\\/03\\\/08\\\/qui-controle-le-recit-sur-lafrique-medias-propagande-et-guerre-de-linformation\\\/#breadcrumb\",\"itemListElement\":[{\"@type\":\"ListItem\",\"position\":1,\"name\":\"Accueil\",\"item\":\"https:\\\/\\\/koratkamanews.com\\\/\"},{\"@type\":\"ListItem\",\"position\":2,\"name\":\"Qui contr\u00f4le le r\u00e9cit sur l\u2019Afrique ? M\u00e9dias, propagande et guerre de l\u2019information\"}]},{\"@type\":\"WebSite\",\"@id\":\"https:\\\/\\\/koratkamanews.com\\\/#website\",\"url\":\"https:\\\/\\\/koratkamanews.com\\\/\",\"name\":\"korat kama news\",\"description\":\"\",\"publisher\":{\"@id\":\"https:\\\/\\\/koratkamanews.com\\\/#organization\"},\"potentialAction\":[{\"@type\":\"SearchAction\",\"target\":{\"@type\":\"EntryPoint\",\"urlTemplate\":\"https:\\\/\\\/koratkamanews.com\\\/?s={search_term_string}\"},\"query-input\":{\"@type\":\"PropertyValueSpecification\",\"valueRequired\":true,\"valueName\":\"search_term_string\"}}],\"inLanguage\":\"fr-FR\"},{\"@type\":\"Organization\",\"@id\":\"https:\\\/\\\/koratkamanews.com\\\/#organization\",\"name\":\"korat kama news\",\"url\":\"https:\\\/\\\/koratkamanews.com\\\/\",\"logo\":{\"@type\":\"ImageObject\",\"inLanguage\":\"fr-FR\",\"@id\":\"https:\\\/\\\/koratkamanews.com\\\/#\\\/schema\\\/logo\\\/image\\\/\",\"url\":\"https:\\\/\\\/koratkamanews.com\\\/wp-content\\\/uploads\\\/2025\\\/03\\\/cropped-2KTV-png-2.png\",\"contentUrl\":\"https:\\\/\\\/koratkamanews.com\\\/wp-content\\\/uploads\\\/2025\\\/03\\\/cropped-2KTV-png-2.png\",\"width\":1661,\"height\":1020,\"caption\":\"korat kama news\"},\"image\":{\"@id\":\"https:\\\/\\\/koratkamanews.com\\\/#\\\/schema\\\/logo\\\/image\\\/\"},\"sameAs\":[\"https:\\\/\\\/www.facebook.com\\\/share\\\/16BKVBAYTG\\\/?mibextid=wwXIfr\",\"https:\\\/\\\/www.tiktok.com\\\/@korat_kama_tv?_t=ZM-8ulPJRRi4Wt&_r=1\",\"https:\\\/\\\/www.instagram.com\\\/koratkama?igsh=MTQwNmFtdWUyNml2OQ&utm_source=qr\"]},{\"@type\":\"Person\",\"@id\":\"https:\\\/\\\/koratkamanews.com\\\/#\\\/schema\\\/person\\\/10c053630af6f3cb4a9e31ac649036c9\",\"name\":\"Admin\",\"image\":{\"@type\":\"ImageObject\",\"inLanguage\":\"fr-FR\",\"@id\":\"https:\\\/\\\/secure.gravatar.com\\\/avatar\\\/e4cce3e8d1738446568a62e48fcca2f81014d2f035dbec3a04b96a745ef1e017?s=96&d=mm&r=g\",\"url\":\"https:\\\/\\\/secure.gravatar.com\\\/avatar\\\/e4cce3e8d1738446568a62e48fcca2f81014d2f035dbec3a04b96a745ef1e017?s=96&d=mm&r=g\",\"contentUrl\":\"https:\\\/\\\/secure.gravatar.com\\\/avatar\\\/e4cce3e8d1738446568a62e48fcca2f81014d2f035dbec3a04b96a745ef1e017?s=96&d=mm&r=g\",\"caption\":\"Admin\"},\"sameAs\":[\"https:\\\/\\\/koratkamanews.com\"],\"url\":\"https:\\\/\\\/koratkamanews.com\\\/index.php\\\/author\\\/admin\\\/\"}]}<\/script>\n<!-- \/ Yoast SEO plugin. -->","yoast_head_json":{"title":"Qui contr\u00f4le le r\u00e9cit sur l\u2019Afrique ? M\u00e9dias, propagande et guerre de l\u2019information - korat kama news","robots":{"index":"index","follow":"follow","max-snippet":"max-snippet:-1","max-image-preview":"max-image-preview:large","max-video-preview":"max-video-preview:-1"},"canonical":"https:\/\/koratkamanews.com\/index.php\/2026\/03\/08\/qui-controle-le-recit-sur-lafrique-medias-propagande-et-guerre-de-linformation\/","og_locale":"fr_FR","og_type":"article","og_title":"Qui contr\u00f4le le r\u00e9cit sur l\u2019Afrique ? M\u00e9dias, propagande et guerre de l\u2019information - korat kama news","og_description":"Aujourd\u2019hui, la bataille pour l\u2019Afrique ne se joue pas seulement sur les terrains \u00e9conomiques ou militaires\u2026 elle se joue aussi dans les esprits.Depuis des d\u00e9cennies, les grandes puissances fa\u00e7onnent l\u2019image du continent \u00e0 travers leurs m\u00e9dias, leurs narratifs et leurs strat\u00e9gies d\u2019influence. Mais \u00e0 qui profite cette repr\u00e9sentation ? Et surtout, pourquoi l\u2019Afrique peine-t-elle encore [&hellip;]","og_url":"https:\/\/koratkamanews.com\/index.php\/2026\/03\/08\/qui-controle-le-recit-sur-lafrique-medias-propagande-et-guerre-de-linformation\/","og_site_name":"korat kama news","article_publisher":"https:\/\/www.facebook.com\/share\/16BKVBAYTG\/?mibextid=wwXIfr","article_published_time":"2026-03-08T21:36:57+00:00","article_modified_time":"2026-03-08T21:36:58+00:00","og_image":[{"width":1024,"height":576,"url":"https:\/\/koratkamanews.com\/wp-content\/uploads\/2026\/03\/IMG_5786-1024x576.jpeg","type":"image\/jpeg"}],"author":"Admin","twitter_card":"summary_large_image","twitter_misc":{"\u00c9crit par":"Admin","Dur\u00e9e de lecture estim\u00e9e":"1 minute"},"schema":{"@context":"https:\/\/schema.org","@graph":[{"@type":"Article","@id":"https:\/\/koratkamanews.com\/index.php\/2026\/03\/08\/qui-controle-le-recit-sur-lafrique-medias-propagande-et-guerre-de-linformation\/#article","isPartOf":{"@id":"https:\/\/koratkamanews.com\/index.php\/2026\/03\/08\/qui-controle-le-recit-sur-lafrique-medias-propagande-et-guerre-de-linformation\/"},"author":{"name":"Admin","@id":"https:\/\/koratkamanews.com\/#\/schema\/person\/10c053630af6f3cb4a9e31ac649036c9"},"headline":"Qui contr\u00f4le le r\u00e9cit sur l\u2019Afrique ? M\u00e9dias, propagande et guerre de l\u2019information","datePublished":"2026-03-08T21:36:57+00:00","dateModified":"2026-03-08T21:36:58+00:00","mainEntityOfPage":{"@id":"https:\/\/koratkamanews.com\/index.php\/2026\/03\/08\/qui-controle-le-recit-sur-lafrique-medias-propagande-et-guerre-de-linformation\/"},"wordCount":187,"commentCount":0,"publisher":{"@id":"https:\/\/koratkamanews.com\/#organization"},"image":{"@id":"https:\/\/koratkamanews.com\/index.php\/2026\/03\/08\/qui-controle-le-recit-sur-lafrique-medias-propagande-et-guerre-de-linformation\/#primaryimage"},"thumbnailUrl":"https:\/\/koratkamanews.com\/wp-content\/uploads\/2026\/03\/IMG_5786.jpeg","articleSection":["Afrique","Chronique","International","video"],"inLanguage":"fr-FR","potentialAction":[{"@type":"CommentAction","name":"Comment","target":["https:\/\/koratkamanews.com\/index.php\/2026\/03\/08\/qui-controle-le-recit-sur-lafrique-medias-propagande-et-guerre-de-linformation\/#respond"]}]},{"@type":"WebPage","@id":"https:\/\/koratkamanews.com\/index.php\/2026\/03\/08\/qui-controle-le-recit-sur-lafrique-medias-propagande-et-guerre-de-linformation\/","url":"https:\/\/koratkamanews.com\/index.php\/2026\/03\/08\/qui-controle-le-recit-sur-lafrique-medias-propagande-et-guerre-de-linformation\/","name":"Qui contr\u00f4le le r\u00e9cit sur l\u2019Afrique ? M\u00e9dias, propagande et guerre de l\u2019information - korat kama news","isPartOf":{"@id":"https:\/\/koratkamanews.com\/#website"},"primaryImageOfPage":{"@id":"https:\/\/koratkamanews.com\/index.php\/2026\/03\/08\/qui-controle-le-recit-sur-lafrique-medias-propagande-et-guerre-de-linformation\/#primaryimage"},"image":{"@id":"https:\/\/koratkamanews.com\/index.php\/2026\/03\/08\/qui-controle-le-recit-sur-lafrique-medias-propagande-et-guerre-de-linformation\/#primaryimage"},"thumbnailUrl":"https:\/\/koratkamanews.com\/wp-content\/uploads\/2026\/03\/IMG_5786.jpeg","datePublished":"2026-03-08T21:36:57+00:00","dateModified":"2026-03-08T21:36:58+00:00","breadcrumb":{"@id":"https:\/\/koratkamanews.com\/index.php\/2026\/03\/08\/qui-controle-le-recit-sur-lafrique-medias-propagande-et-guerre-de-linformation\/#breadcrumb"},"inLanguage":"fr-FR","potentialAction":[{"@type":"ReadAction","target":["https:\/\/koratkamanews.com\/index.php\/2026\/03\/08\/qui-controle-le-recit-sur-lafrique-medias-propagande-et-guerre-de-linformation\/"]}]},{"@type":"ImageObject","inLanguage":"fr-FR","@id":"https:\/\/koratkamanews.com\/index.php\/2026\/03\/08\/qui-controle-le-recit-sur-lafrique-medias-propagande-et-guerre-de-linformation\/#primaryimage","url":"https:\/\/koratkamanews.com\/wp-content\/uploads\/2026\/03\/IMG_5786.jpeg","contentUrl":"https:\/\/koratkamanews.com\/wp-content\/uploads\/2026\/03\/IMG_5786.jpeg","width":2560,"height":1440},{"@type":"BreadcrumbList","@id":"https:\/\/koratkamanews.com\/index.php\/2026\/03\/08\/qui-controle-le-recit-sur-lafrique-medias-propagande-et-guerre-de-linformation\/#breadcrumb","itemListElement":[{"@type":"ListItem","position":1,"name":"Accueil","item":"https:\/\/koratkamanews.com\/"},{"@type":"ListItem","position":2,"name":"Qui contr\u00f4le le r\u00e9cit sur l\u2019Afrique ? M\u00e9dias, propagande et guerre de l\u2019information"}]},{"@type":"WebSite","@id":"https:\/\/koratkamanews.com\/#website","url":"https:\/\/koratkamanews.com\/","name":"korat kama news","description":"","publisher":{"@id":"https:\/\/koratkamanews.com\/#organization"},"potentialAction":[{"@type":"SearchAction","target":{"@type":"EntryPoint","urlTemplate":"https:\/\/koratkamanews.com\/?s={search_term_string}"},"query-input":{"@type":"PropertyValueSpecification","valueRequired":true,"valueName":"search_term_string"}}],"inLanguage":"fr-FR"},{"@type":"Organization","@id":"https:\/\/koratkamanews.com\/#organization","name":"korat kama news","url":"https:\/\/koratkamanews.com\/","logo":{"@type":"ImageObject","inLanguage":"fr-FR","@id":"https:\/\/koratkamanews.com\/#\/schema\/logo\/image\/","url":"https:\/\/koratkamanews.com\/wp-content\/uploads\/2025\/03\/cropped-2KTV-png-2.png","contentUrl":"https:\/\/koratkamanews.com\/wp-content\/uploads\/2025\/03\/cropped-2KTV-png-2.png","width":1661,"height":1020,"caption":"korat kama news"},"image":{"@id":"https:\/\/koratkamanews.com\/#\/schema\/logo\/image\/"},"sameAs":["https:\/\/www.facebook.com\/share\/16BKVBAYTG\/?mibextid=wwXIfr","https:\/\/www.tiktok.com\/@korat_kama_tv?_t=ZM-8ulPJRRi4Wt&_r=1","https:\/\/www.instagram.com\/koratkama?igsh=MTQwNmFtdWUyNml2OQ&utm_source=qr"]},{"@type":"Person","@id":"https:\/\/koratkamanews.com\/#\/schema\/person\/10c053630af6f3cb4a9e31ac649036c9","name":"Admin","image":{"@type":"ImageObject","inLanguage":"fr-FR","@id":"https:\/\/secure.gravatar.com\/avatar\/e4cce3e8d1738446568a62e48fcca2f81014d2f035dbec3a04b96a745ef1e017?s=96&d=mm&r=g","url":"https:\/\/secure.gravatar.com\/avatar\/e4cce3e8d1738446568a62e48fcca2f81014d2f035dbec3a04b96a745ef1e017?s=96&d=mm&r=g","contentUrl":"https:\/\/secure.gravatar.com\/avatar\/e4cce3e8d1738446568a62e48fcca2f81014d2f035dbec3a04b96a745ef1e017?s=96&d=mm&r=g","caption":"Admin"},"sameAs":["https:\/\/koratkamanews.com"],"url":"https:\/\/koratkamanews.com\/index.php\/author\/admin\/"}]}},"_links":{"self":[{"href":"https:\/\/koratkamanews.com\/index.php\/wp-json\/wp\/v2\/posts\/888","targetHints":{"allow":["GET"]}}],"collection":[{"href":"https:\/\/koratkamanews.com\/index.php\/wp-json\/wp\/v2\/posts"}],"about":[{"href":"https:\/\/koratkamanews.com\/index.php\/wp-json\/wp\/v2\/types\/post"}],"author":[{"embeddable":true,"href":"https:\/\/koratkamanews.com\/index.php\/wp-json\/wp\/v2\/users\/1"}],"replies":[{"embeddable":true,"href":"https:\/\/koratkamanews.com\/index.php\/wp-json\/wp\/v2\/comments?post=888"}],"version-history":[{"count":1,"href":"https:\/\/koratkamanews.com\/index.php\/wp-json\/wp\/v2\/posts\/888\/revisions"}],"predecessor-version":[{"id":890,"href":"https:\/\/koratkamanews.com\/index.php\/wp-json\/wp\/v2\/posts\/888\/revisions\/890"}],"wp:featuredmedia":[{"embeddable":true,"href":"https:\/\/koratkamanews.com\/index.php\/wp-json\/wp\/v2\/media\/889"}],"wp:attachment":[{"href":"https:\/\/koratkamanews.com\/index.php\/wp-json\/wp\/v2\/media?parent=888"}],"wp:term":[{"taxonomy":"category","embeddable":true,"href":"https:\/\/koratkamanews.com\/index.php\/wp-json\/wp\/v2\/categories?post=888"},{"taxonomy":"post_tag","embeddable":true,"href":"https:\/\/koratkamanews.com\/index.php\/wp-json\/wp\/v2\/tags?post=888"}],"curies":[{"name":"wp","href":"https:\/\/api.w.org\/{rel}","templated":true}]}}