{"id":913,"date":"2026-03-17T17:10:47","date_gmt":"2026-03-17T17:10:47","guid":{"rendered":"https:\/\/koratkamanews.com\/?p=913"},"modified":"2026-03-17T17:10:48","modified_gmt":"2026-03-17T17:10:48","slug":"guerre-iran-usa-demission-choc-dun-haut-responsable-au-sommet-du-contre-terrorisme-americain","status":"publish","type":"post","link":"https:\/\/koratkamanews.com\/index.php\/2026\/03\/17\/guerre-iran-usa-demission-choc-dun-haut-responsable-au-sommet-du-contre-terrorisme-americain\/","title":{"rendered":"Guerre IRAN &#8211; USA : D\u00e9mission Choc d\u2019un Haut Responsable au sommet du Contre-Terrorisme am\u00e9ricain."},"content":{"rendered":"\n<p>Joe Kent, Directeur du Centre National de Lutte contre le Terrorisme, a d\u00e9missionn\u00e9 de son poste ce mardi 17 mars en raison de son opposition \u00e0 la guerre en cours contre l\u2019Iran.<br><br>Il devient le plus haut responsable de l\u2019administration Trump \u00e0 quitter ses fonctions en pleine guerre contre T\u00e9h\u00e9ran.<br>Dans une lettre adress\u00e9e au Pr\u00e9sident des USA, Donald Trump et publi\u00e9 sur X (Ex-Twitter), Joe Kent affirme ne pas avoir la conscience de soutenir la guerre contre l\u2019Iran.<\/p>\n\n\n\n<p>Dans sa lettre, il \u00e9crit que l\u2019Iran ne repr\u00e9sentait aucune menace pour les USA. Il poursuit que cette guerre a \u00e9t\u00e9 d\u00e9clench\u00e9e sous la pression d\u2019Isra\u00ebl et de son puissant lobby am\u00e9ricain.<br>Il a d\u00e9nonc\u00e9 une campagne de d\u00e9sinformation orchestr\u00e9e par de hauts responsables isra\u00e9liens et des m\u00e9dias am\u00e9ricains qui ont influenc\u00e9 le Pr\u00e9sident Donald Trump \u00e0 lancer l\u2019op\u00e9ration militaire \u00abEpic Fury\u00bb. Joe Kent a tenu aussi \u00e0 rappeler les actions de la premi\u00e8re administration Trump avec l\u2019\u00e9limination de Qasseim Soleimani et la d\u00e9faite de l\u2019Etat Islamique sans entra\u00eener les USA dans des guerres sans fin. Il a \u00e9galement exhort\u00e9 Donald Trump \u00e0 tracer une nouvelle voie pour \u00e9viter le d\u00e9clin des USA.<\/p>\n\n\n\n<p>La d\u00e9mission de Joe Kent constitue un signal politique tr\u00e8s fort. D\u2019autres responsables am\u00e9ricains pourraient envisager \u00e0 d\u00e9missionner pour \u00e9viter d\u2019\u00eatre entra\u00een\u00e9 par Trump dans ce bourbier iranien.<\/p>\n\n\n\n<p><\/p>\n","protected":false},"excerpt":{"rendered":"<p>(L-R) Joe Kent, Director of the US National Counterterrorism Center and US President Donald Trump.(Photos via AP)<\/p>\n","protected":false},"author":7,"featured_media":915,"comment_status":"open","ping_status":"open","sticky":false,"template":"","format":"standard","meta":{"footnotes":""},"categories":[9,4],"tags":[],"class_list":["post-913","post","type-post","status-publish","format-standard","has-post-thumbnail","hentry","category-actualite","category-international"],"yoast_head":"<!-- This site is optimized with the Yoast SEO plugin v27.5 - https:\/\/yoast.com\/product\/yoast-seo-wordpress\/ -->\n<title>Guerre IRAN - USA : D\u00e9mission Choc d\u2019un Haut Responsable au sommet du Contre-Terrorisme am\u00e9ricain. - korat kama news<\/title>\n<meta name=\"robots\" content=\"index, follow, max-snippet:-1, max-image-preview:large, max-video-preview:-1\" \/>\n<link rel=\"canonical\" href=\"https:\/\/koratkamanews.com\/index.php\/2026\/03\/17\/guerre-iran-usa-demission-choc-dun-haut-responsable-au-sommet-du-contre-terrorisme-americain\/\" \/>\n<meta property=\"og:locale\" content=\"fr_FR\" \/>\n<meta property=\"og:type\" content=\"article\" \/>\n<meta property=\"og:title\" content=\"Guerre IRAN - USA : D\u00e9mission Choc d\u2019un Haut Responsable au sommet du Contre-Terrorisme am\u00e9ricain. - korat kama news\" \/>\n<meta property=\"og:description\" content=\"(L-R) Joe Kent, Director of the US National Counterterrorism Center and US President Donald Trump.(Photos via AP)\" \/>\n<meta property=\"og:url\" content=\"https:\/\/koratkamanews.com\/index.php\/2026\/03\/17\/guerre-iran-usa-demission-choc-dun-haut-responsable-au-sommet-du-contre-terrorisme-americain\/\" \/>\n<meta property=\"og:site_name\" content=\"korat kama news\" \/>\n<meta property=\"article:publisher\" content=\"https:\/\/www.facebook.com\/share\/16BKVBAYTG\/?mibextid=wwXIfr\" \/>\n<meta property=\"article:published_time\" content=\"2026-03-17T17:10:47+00:00\" \/>\n<meta property=\"article:modified_time\" content=\"2026-03-17T17:10:48+00:00\" \/>\n<meta property=\"og:image\" content=\"https:\/\/koratkamanews.com\/wp-content\/uploads\/2026\/03\/IMG_5882.jpeg\" \/>\n\t<meta property=\"og:image:width\" content=\"1200\" \/>\n\t<meta property=\"og:image:height\" content=\"674\" \/>\n\t<meta property=\"og:image:type\" content=\"image\/jpeg\" \/>\n<meta name=\"author\" content=\"Mohamed lamine Cisse\" \/>\n<meta name=\"twitter:card\" content=\"summary_large_image\" \/>\n<meta name=\"twitter:label1\" content=\"\u00c9crit par\" \/>\n\t<meta name=\"twitter:data1\" content=\"Mohamed lamine Cisse\" \/>\n\t<meta name=\"twitter:label2\" content=\"Dur\u00e9e de lecture estim\u00e9e\" \/>\n\t<meta name=\"twitter:data2\" content=\"2 minutes\" \/>\n<script type=\"application\/ld+json\" class=\"yoast-schema-graph\">{\"@context\":\"https:\\\/\\\/schema.org\",\"@graph\":[{\"@type\":\"Article\",\"@id\":\"https:\\\/\\\/koratkamanews.com\\\/index.php\\\/2026\\\/03\\\/17\\\/guerre-iran-usa-demission-choc-dun-haut-responsable-au-sommet-du-contre-terrorisme-americain\\\/#article\",\"isPartOf\":{\"@id\":\"https:\\\/\\\/koratkamanews.com\\\/index.php\\\/2026\\\/03\\\/17\\\/guerre-iran-usa-demission-choc-dun-haut-responsable-au-sommet-du-contre-terrorisme-americain\\\/\"},\"author\":{\"name\":\"Mohamed lamine Cisse\",\"@id\":\"https:\\\/\\\/koratkamanews.com\\\/#\\\/schema\\\/person\\\/a12b667ea5807b8df1e4af5af570bb2d\"},\"headline\":\"Guerre IRAN &#8211; USA : D\u00e9mission Choc d\u2019un Haut Responsable au sommet du Contre-Terrorisme am\u00e9ricain.\",\"datePublished\":\"2026-03-17T17:10:47+00:00\",\"dateModified\":\"2026-03-17T17:10:48+00:00\",\"mainEntityOfPage\":{\"@id\":\"https:\\\/\\\/koratkamanews.com\\\/index.php\\\/2026\\\/03\\\/17\\\/guerre-iran-usa-demission-choc-dun-haut-responsable-au-sommet-du-contre-terrorisme-americain\\\/\"},\"wordCount\":267,\"commentCount\":0,\"publisher\":{\"@id\":\"https:\\\/\\\/koratkamanews.com\\\/#organization\"},\"image\":{\"@id\":\"https:\\\/\\\/koratkamanews.com\\\/index.php\\\/2026\\\/03\\\/17\\\/guerre-iran-usa-demission-choc-dun-haut-responsable-au-sommet-du-contre-terrorisme-americain\\\/#primaryimage\"},\"thumbnailUrl\":\"https:\\\/\\\/koratkamanews.com\\\/wp-content\\\/uploads\\\/2026\\\/03\\\/IMG_5882.jpeg\",\"articleSection\":[\"Actualit\u00e9\",\"International\"],\"inLanguage\":\"fr-FR\",\"potentialAction\":[{\"@type\":\"CommentAction\",\"name\":\"Comment\",\"target\":[\"https:\\\/\\\/koratkamanews.com\\\/index.php\\\/2026\\\/03\\\/17\\\/guerre-iran-usa-demission-choc-dun-haut-responsable-au-sommet-du-contre-terrorisme-americain\\\/#respond\"]}]},{\"@type\":\"WebPage\",\"@id\":\"https:\\\/\\\/koratkamanews.com\\\/index.php\\\/2026\\\/03\\\/17\\\/guerre-iran-usa-demission-choc-dun-haut-responsable-au-sommet-du-contre-terrorisme-americain\\\/\",\"url\":\"https:\\\/\\\/koratkamanews.com\\\/index.php\\\/2026\\\/03\\\/17\\\/guerre-iran-usa-demission-choc-dun-haut-responsable-au-sommet-du-contre-terrorisme-americain\\\/\",\"name\":\"Guerre IRAN - USA : D\u00e9mission Choc d\u2019un Haut Responsable au sommet du Contre-Terrorisme am\u00e9ricain. - korat kama news\",\"isPartOf\":{\"@id\":\"https:\\\/\\\/koratkamanews.com\\\/#website\"},\"primaryImageOfPage\":{\"@id\":\"https:\\\/\\\/koratkamanews.com\\\/index.php\\\/2026\\\/03\\\/17\\\/guerre-iran-usa-demission-choc-dun-haut-responsable-au-sommet-du-contre-terrorisme-americain\\\/#primaryimage\"},\"image\":{\"@id\":\"https:\\\/\\\/koratkamanews.com\\\/index.php\\\/2026\\\/03\\\/17\\\/guerre-iran-usa-demission-choc-dun-haut-responsable-au-sommet-du-contre-terrorisme-americain\\\/#primaryimage\"},\"thumbnailUrl\":\"https:\\\/\\\/koratkamanews.com\\\/wp-content\\\/uploads\\\/2026\\\/03\\\/IMG_5882.jpeg\",\"datePublished\":\"2026-03-17T17:10:47+00:00\",\"dateModified\":\"2026-03-17T17:10:48+00:00\",\"breadcrumb\":{\"@id\":\"https:\\\/\\\/koratkamanews.com\\\/index.php\\\/2026\\\/03\\\/17\\\/guerre-iran-usa-demission-choc-dun-haut-responsable-au-sommet-du-contre-terrorisme-americain\\\/#breadcrumb\"},\"inLanguage\":\"fr-FR\",\"potentialAction\":[{\"@type\":\"ReadAction\",\"target\":[\"https:\\\/\\\/koratkamanews.com\\\/index.php\\\/2026\\\/03\\\/17\\\/guerre-iran-usa-demission-choc-dun-haut-responsable-au-sommet-du-contre-terrorisme-americain\\\/\"]}]},{\"@type\":\"ImageObject\",\"inLanguage\":\"fr-FR\",\"@id\":\"https:\\\/\\\/koratkamanews.com\\\/index.php\\\/2026\\\/03\\\/17\\\/guerre-iran-usa-demission-choc-dun-haut-responsable-au-sommet-du-contre-terrorisme-americain\\\/#primaryimage\",\"url\":\"https:\\\/\\\/koratkamanews.com\\\/wp-content\\\/uploads\\\/2026\\\/03\\\/IMG_5882.jpeg\",\"contentUrl\":\"https:\\\/\\\/koratkamanews.com\\\/wp-content\\\/uploads\\\/2026\\\/03\\\/IMG_5882.jpeg\",\"width\":1200,\"height\":674},{\"@type\":\"BreadcrumbList\",\"@id\":\"https:\\\/\\\/koratkamanews.com\\\/index.php\\\/2026\\\/03\\\/17\\\/guerre-iran-usa-demission-choc-dun-haut-responsable-au-sommet-du-contre-terrorisme-americain\\\/#breadcrumb\",\"itemListElement\":[{\"@type\":\"ListItem\",\"position\":1,\"name\":\"Accueil\",\"item\":\"https:\\\/\\\/koratkamanews.com\\\/\"},{\"@type\":\"ListItem\",\"position\":2,\"name\":\"Guerre IRAN &#8211; USA : D\u00e9mission Choc d\u2019un Haut Responsable au sommet du Contre-Terrorisme am\u00e9ricain.\"}]},{\"@type\":\"WebSite\",\"@id\":\"https:\\\/\\\/koratkamanews.com\\\/#website\",\"url\":\"https:\\\/\\\/koratkamanews.com\\\/\",\"name\":\"korat kama news\",\"description\":\"\",\"publisher\":{\"@id\":\"https:\\\/\\\/koratkamanews.com\\\/#organization\"},\"potentialAction\":[{\"@type\":\"SearchAction\",\"target\":{\"@type\":\"EntryPoint\",\"urlTemplate\":\"https:\\\/\\\/koratkamanews.com\\\/?s={search_term_string}\"},\"query-input\":{\"@type\":\"PropertyValueSpecification\",\"valueRequired\":true,\"valueName\":\"search_term_string\"}}],\"inLanguage\":\"fr-FR\"},{\"@type\":\"Organization\",\"@id\":\"https:\\\/\\\/koratkamanews.com\\\/#organization\",\"name\":\"korat kama news\",\"url\":\"https:\\\/\\\/koratkamanews.com\\\/\",\"logo\":{\"@type\":\"ImageObject\",\"inLanguage\":\"fr-FR\",\"@id\":\"https:\\\/\\\/koratkamanews.com\\\/#\\\/schema\\\/logo\\\/image\\\/\",\"url\":\"https:\\\/\\\/koratkamanews.com\\\/wp-content\\\/uploads\\\/2025\\\/03\\\/cropped-2KTV-png-2.png\",\"contentUrl\":\"https:\\\/\\\/koratkamanews.com\\\/wp-content\\\/uploads\\\/2025\\\/03\\\/cropped-2KTV-png-2.png\",\"width\":1661,\"height\":1020,\"caption\":\"korat kama news\"},\"image\":{\"@id\":\"https:\\\/\\\/koratkamanews.com\\\/#\\\/schema\\\/logo\\\/image\\\/\"},\"sameAs\":[\"https:\\\/\\\/www.facebook.com\\\/share\\\/16BKVBAYTG\\\/?mibextid=wwXIfr\",\"https:\\\/\\\/www.tiktok.com\\\/@korat_kama_tv?_t=ZM-8ulPJRRi4Wt&_r=1\",\"https:\\\/\\\/www.instagram.com\\\/koratkama?igsh=MTQwNmFtdWUyNml2OQ&utm_source=qr\"]},{\"@type\":\"Person\",\"@id\":\"https:\\\/\\\/koratkamanews.com\\\/#\\\/schema\\\/person\\\/a12b667ea5807b8df1e4af5af570bb2d\",\"name\":\"Mohamed lamine Cisse\",\"image\":{\"@type\":\"ImageObject\",\"inLanguage\":\"fr-FR\",\"@id\":\"https:\\\/\\\/secure.gravatar.com\\\/avatar\\\/7eccf4a09415e28289956e3d3823f220a4cf38e3e06e4b5f0389db69734bfe7c?s=96&d=mm&r=g\",\"url\":\"https:\\\/\\\/secure.gravatar.com\\\/avatar\\\/7eccf4a09415e28289956e3d3823f220a4cf38e3e06e4b5f0389db69734bfe7c?s=96&d=mm&r=g\",\"contentUrl\":\"https:\\\/\\\/secure.gravatar.com\\\/avatar\\\/7eccf4a09415e28289956e3d3823f220a4cf38e3e06e4b5f0389db69734bfe7c?s=96&d=mm&r=g\",\"caption\":\"Mohamed lamine Cisse\"},\"sameAs\":[\"https:\\\/\\\/koratkamanews.com\\\/\"],\"url\":\"https:\\\/\\\/koratkamanews.com\\\/index.php\\\/author\\\/lems\\\/\"}]}<\/script>\n<!-- \/ Yoast SEO plugin. -->","yoast_head_json":{"title":"Guerre IRAN - USA : D\u00e9mission Choc d\u2019un Haut Responsable au sommet du Contre-Terrorisme am\u00e9ricain. - korat kama news","robots":{"index":"index","follow":"follow","max-snippet":"max-snippet:-1","max-image-preview":"max-image-preview:large","max-video-preview":"max-video-preview:-1"},"canonical":"https:\/\/koratkamanews.com\/index.php\/2026\/03\/17\/guerre-iran-usa-demission-choc-dun-haut-responsable-au-sommet-du-contre-terrorisme-americain\/","og_locale":"fr_FR","og_type":"article","og_title":"Guerre IRAN - USA : D\u00e9mission Choc d\u2019un Haut Responsable au sommet du Contre-Terrorisme am\u00e9ricain. - korat kama news","og_description":"(L-R) Joe Kent, Director of the US National Counterterrorism Center and US President Donald Trump.(Photos via AP)","og_url":"https:\/\/koratkamanews.com\/index.php\/2026\/03\/17\/guerre-iran-usa-demission-choc-dun-haut-responsable-au-sommet-du-contre-terrorisme-americain\/","og_site_name":"korat kama news","article_publisher":"https:\/\/www.facebook.com\/share\/16BKVBAYTG\/?mibextid=wwXIfr","article_published_time":"2026-03-17T17:10:47+00:00","article_modified_time":"2026-03-17T17:10:48+00:00","og_image":[{"width":1200,"height":674,"url":"https:\/\/koratkamanews.com\/wp-content\/uploads\/2026\/03\/IMG_5882.jpeg","type":"image\/jpeg"}],"author":"Mohamed lamine Cisse","twitter_card":"summary_large_image","twitter_misc":{"\u00c9crit par":"Mohamed lamine Cisse","Dur\u00e9e de lecture estim\u00e9e":"2 minutes"},"schema":{"@context":"https:\/\/schema.org","@graph":[{"@type":"Article","@id":"https:\/\/koratkamanews.com\/index.php\/2026\/03\/17\/guerre-iran-usa-demission-choc-dun-haut-responsable-au-sommet-du-contre-terrorisme-americain\/#article","isPartOf":{"@id":"https:\/\/koratkamanews.com\/index.php\/2026\/03\/17\/guerre-iran-usa-demission-choc-dun-haut-responsable-au-sommet-du-contre-terrorisme-americain\/"},"author":{"name":"Mohamed lamine Cisse","@id":"https:\/\/koratkamanews.com\/#\/schema\/person\/a12b667ea5807b8df1e4af5af570bb2d"},"headline":"Guerre IRAN &#8211; USA : D\u00e9mission Choc d\u2019un Haut Responsable au sommet du Contre-Terrorisme am\u00e9ricain.","datePublished":"2026-03-17T17:10:47+00:00","dateModified":"2026-03-17T17:10:48+00:00","mainEntityOfPage":{"@id":"https:\/\/koratkamanews.com\/index.php\/2026\/03\/17\/guerre-iran-usa-demission-choc-dun-haut-responsable-au-sommet-du-contre-terrorisme-americain\/"},"wordCount":267,"commentCount":0,"publisher":{"@id":"https:\/\/koratkamanews.com\/#organization"},"image":{"@id":"https:\/\/koratkamanews.com\/index.php\/2026\/03\/17\/guerre-iran-usa-demission-choc-dun-haut-responsable-au-sommet-du-contre-terrorisme-americain\/#primaryimage"},"thumbnailUrl":"https:\/\/koratkamanews.com\/wp-content\/uploads\/2026\/03\/IMG_5882.jpeg","articleSection":["Actualit\u00e9","International"],"inLanguage":"fr-FR","potentialAction":[{"@type":"CommentAction","name":"Comment","target":["https:\/\/koratkamanews.com\/index.php\/2026\/03\/17\/guerre-iran-usa-demission-choc-dun-haut-responsable-au-sommet-du-contre-terrorisme-americain\/#respond"]}]},{"@type":"WebPage","@id":"https:\/\/koratkamanews.com\/index.php\/2026\/03\/17\/guerre-iran-usa-demission-choc-dun-haut-responsable-au-sommet-du-contre-terrorisme-americain\/","url":"https:\/\/koratkamanews.com\/index.php\/2026\/03\/17\/guerre-iran-usa-demission-choc-dun-haut-responsable-au-sommet-du-contre-terrorisme-americain\/","name":"Guerre IRAN - USA : D\u00e9mission Choc d\u2019un Haut Responsable au sommet du Contre-Terrorisme am\u00e9ricain. - korat kama news","isPartOf":{"@id":"https:\/\/koratkamanews.com\/#website"},"primaryImageOfPage":{"@id":"https:\/\/koratkamanews.com\/index.php\/2026\/03\/17\/guerre-iran-usa-demission-choc-dun-haut-responsable-au-sommet-du-contre-terrorisme-americain\/#primaryimage"},"image":{"@id":"https:\/\/koratkamanews.com\/index.php\/2026\/03\/17\/guerre-iran-usa-demission-choc-dun-haut-responsable-au-sommet-du-contre-terrorisme-americain\/#primaryimage"},"thumbnailUrl":"https:\/\/koratkamanews.com\/wp-content\/uploads\/2026\/03\/IMG_5882.jpeg","datePublished":"2026-03-17T17:10:47+00:00","dateModified":"2026-03-17T17:10:48+00:00","breadcrumb":{"@id":"https:\/\/koratkamanews.com\/index.php\/2026\/03\/17\/guerre-iran-usa-demission-choc-dun-haut-responsable-au-sommet-du-contre-terrorisme-americain\/#breadcrumb"},"inLanguage":"fr-FR","potentialAction":[{"@type":"ReadAction","target":["https:\/\/koratkamanews.com\/index.php\/2026\/03\/17\/guerre-iran-usa-demission-choc-dun-haut-responsable-au-sommet-du-contre-terrorisme-americain\/"]}]},{"@type":"ImageObject","inLanguage":"fr-FR","@id":"https:\/\/koratkamanews.com\/index.php\/2026\/03\/17\/guerre-iran-usa-demission-choc-dun-haut-responsable-au-sommet-du-contre-terrorisme-americain\/#primaryimage","url":"https:\/\/koratkamanews.com\/wp-content\/uploads\/2026\/03\/IMG_5882.jpeg","contentUrl":"https:\/\/koratkamanews.com\/wp-content\/uploads\/2026\/03\/IMG_5882.jpeg","width":1200,"height":674},{"@type":"BreadcrumbList","@id":"https:\/\/koratkamanews.com\/index.php\/2026\/03\/17\/guerre-iran-usa-demission-choc-dun-haut-responsable-au-sommet-du-contre-terrorisme-americain\/#breadcrumb","itemListElement":[{"@type":"ListItem","position":1,"name":"Accueil","item":"https:\/\/koratkamanews.com\/"},{"@type":"ListItem","position":2,"name":"Guerre IRAN &#8211; USA : D\u00e9mission Choc d\u2019un Haut Responsable au sommet du Contre-Terrorisme am\u00e9ricain."}]},{"@type":"WebSite","@id":"https:\/\/koratkamanews.com\/#website","url":"https:\/\/koratkamanews.com\/","name":"korat kama news","description":"","publisher":{"@id":"https:\/\/koratkamanews.com\/#organization"},"potentialAction":[{"@type":"SearchAction","target":{"@type":"EntryPoint","urlTemplate":"https:\/\/koratkamanews.com\/?s={search_term_string}"},"query-input":{"@type":"PropertyValueSpecification","valueRequired":true,"valueName":"search_term_string"}}],"inLanguage":"fr-FR"},{"@type":"Organization","@id":"https:\/\/koratkamanews.com\/#organization","name":"korat kama news","url":"https:\/\/koratkamanews.com\/","logo":{"@type":"ImageObject","inLanguage":"fr-FR","@id":"https:\/\/koratkamanews.com\/#\/schema\/logo\/image\/","url":"https:\/\/koratkamanews.com\/wp-content\/uploads\/2025\/03\/cropped-2KTV-png-2.png","contentUrl":"https:\/\/koratkamanews.com\/wp-content\/uploads\/2025\/03\/cropped-2KTV-png-2.png","width":1661,"height":1020,"caption":"korat kama news"},"image":{"@id":"https:\/\/koratkamanews.com\/#\/schema\/logo\/image\/"},"sameAs":["https:\/\/www.facebook.com\/share\/16BKVBAYTG\/?mibextid=wwXIfr","https:\/\/www.tiktok.com\/@korat_kama_tv?_t=ZM-8ulPJRRi4Wt&_r=1","https:\/\/www.instagram.com\/koratkama?igsh=MTQwNmFtdWUyNml2OQ&utm_source=qr"]},{"@type":"Person","@id":"https:\/\/koratkamanews.com\/#\/schema\/person\/a12b667ea5807b8df1e4af5af570bb2d","name":"Mohamed lamine Cisse","image":{"@type":"ImageObject","inLanguage":"fr-FR","@id":"https:\/\/secure.gravatar.com\/avatar\/7eccf4a09415e28289956e3d3823f220a4cf38e3e06e4b5f0389db69734bfe7c?s=96&d=mm&r=g","url":"https:\/\/secure.gravatar.com\/avatar\/7eccf4a09415e28289956e3d3823f220a4cf38e3e06e4b5f0389db69734bfe7c?s=96&d=mm&r=g","contentUrl":"https:\/\/secure.gravatar.com\/avatar\/7eccf4a09415e28289956e3d3823f220a4cf38e3e06e4b5f0389db69734bfe7c?s=96&d=mm&r=g","caption":"Mohamed lamine Cisse"},"sameAs":["https:\/\/koratkamanews.com\/"],"url":"https:\/\/koratkamanews.com\/index.php\/author\/lems\/"}]}},"_links":{"self":[{"href":"https:\/\/koratkamanews.com\/index.php\/wp-json\/wp\/v2\/posts\/913","targetHints":{"allow":["GET"]}}],"collection":[{"href":"https:\/\/koratkamanews.com\/index.php\/wp-json\/wp\/v2\/posts"}],"about":[{"href":"https:\/\/koratkamanews.com\/index.php\/wp-json\/wp\/v2\/types\/post"}],"author":[{"embeddable":true,"href":"https:\/\/koratkamanews.com\/index.php\/wp-json\/wp\/v2\/users\/7"}],"replies":[{"embeddable":true,"href":"https:\/\/koratkamanews.com\/index.php\/wp-json\/wp\/v2\/comments?post=913"}],"version-history":[{"count":2,"href":"https:\/\/koratkamanews.com\/index.php\/wp-json\/wp\/v2\/posts\/913\/revisions"}],"predecessor-version":[{"id":916,"href":"https:\/\/koratkamanews.com\/index.php\/wp-json\/wp\/v2\/posts\/913\/revisions\/916"}],"wp:featuredmedia":[{"embeddable":true,"href":"https:\/\/koratkamanews.com\/index.php\/wp-json\/wp\/v2\/media\/915"}],"wp:attachment":[{"href":"https:\/\/koratkamanews.com\/index.php\/wp-json\/wp\/v2\/media?parent=913"}],"wp:term":[{"taxonomy":"category","embeddable":true,"href":"https:\/\/koratkamanews.com\/index.php\/wp-json\/wp\/v2\/categories?post=913"},{"taxonomy":"post_tag","embeddable":true,"href":"https:\/\/koratkamanews.com\/index.php\/wp-json\/wp\/v2\/tags?post=913"}],"curies":[{"name":"wp","href":"https:\/\/api.w.org\/{rel}","templated":true}]}}